{"id":292,"date":"2024-04-20T10:46:41","date_gmt":"2024-04-20T13:46:41","guid":{"rendered":"https:\/\/elfaroonline.com.ar\/?p=292"},"modified":"2024-04-20T10:46:41","modified_gmt":"2024-04-20T13:46:41","slug":"gobierno-y-galan-lithium-acordaron-el-desarrollo-de-fabrica-de-carbonato-de-litio","status":"publish","type":"post","link":"https:\/\/elfaroonline.com.ar\/index.php\/2024\/04\/20\/gobierno-y-galan-lithium-acordaron-el-desarrollo-de-fabrica-de-carbonato-de-litio\/","title":{"rendered":"Gobierno y Galan Lithium acordaron el desarrollo de f\u00e1brica de Carbonato de Litio"},"content":{"rendered":"<p class=\"v1MsoNormal\">El gobernador Ra\u00fal Jalil y el manager director de Galan Lithium, Juan Pablo Vargas de la Vega, rubricaron un memor\u00e1ndum para avanzar con la instalaci\u00f3n de una f\u00e1brica de Carbonato de Litio en Catamarca, vinculada al desarrollo del proyecto minero que tiene la empresa en el Salar del Hombre Muerto Oeste.<\/p>\n<p class=\"v1MsoNormal\">En esta oportunidad, en el memor\u00e1ndum de entendimiento firmado, la empresa Galan Lithium S.A. manifiesta el compromiso de desarrollar en la provincia de Catamarca una Planta de producci\u00f3n de Carbonato de Litio asociada a su proyecto en etapa de exploraci\u00f3n en Hombre Muerto Oeste, fuera de la zona del Salar del Hombre Muerto, como as\u00ed tambi\u00e9n la posibilidad de comercializaci\u00f3n de un flujo temprano de litio donde tendr\u00e1 prioridad la empresa estatal CAMYEN, a los fines afianzar un sistema asociativo en pos de una mayor industrializaci\u00f3n en esta etapa.<\/p>\n<p class=\"v1MsoNormal\">\n<p class=\"v1MsoNormal\">Por otra parte, las autoridades de Galan manifestaron la voluntad de aportar en recursos hasta el 7% de las ventas en esta fase temprana en virtud de la menor industrializaci\u00f3n.<\/p>\n","protected":false},"excerpt":{"rendered":"<p>El gobernador Ra\u00fal Jalil y el manager director de Galan Lithium, Juan Pablo Vargas de la Vega, rubricaron un memor\u00e1ndum para avanzar con la instalaci\u00f3n de una f\u00e1brica de Carbonato de Litio en Catamarca, vinculada al desarrollo del proyecto minero que tiene la empresa en el Salar del Hombre Muerto Oeste. En esta oportunidad, en [&hellip;]<\/p>\n","protected":false},"author":2,"featured_media":293,"comment_status":"open","ping_status":"open","sticky":false,"template":"","format":"standard","meta":{"footnotes":""},"categories":[23],"tags":[],"class_list":{"0":"post-292","1":"post","2":"type-post","3":"status-publish","4":"format-standard","5":"has-post-thumbnail","7":"category-destacados"},"aioseo_notices":[],"_links":{"self":[{"href":"https:\/\/elfaroonline.com.ar\/index.php\/wp-json\/wp\/v2\/posts\/292","targetHints":{"allow":["GET"]}}],"collection":[{"href":"https:\/\/elfaroonline.com.ar\/index.php\/wp-json\/wp\/v2\/posts"}],"about":[{"href":"https:\/\/elfaroonline.com.ar\/index.php\/wp-json\/wp\/v2\/types\/post"}],"author":[{"embeddable":true,"href":"https:\/\/elfaroonline.com.ar\/index.php\/wp-json\/wp\/v2\/users\/2"}],"replies":[{"embeddable":true,"href":"https:\/\/elfaroonline.com.ar\/index.php\/wp-json\/wp\/v2\/comments?post=292"}],"version-history":[{"count":1,"href":"https:\/\/elfaroonline.com.ar\/index.php\/wp-json\/wp\/v2\/posts\/292\/revisions"}],"predecessor-version":[{"id":294,"href":"https:\/\/elfaroonline.com.ar\/index.php\/wp-json\/wp\/v2\/posts\/292\/revisions\/294"}],"wp:featuredmedia":[{"embeddable":true,"href":"https:\/\/elfaroonline.com.ar\/index.php\/wp-json\/wp\/v2\/media\/293"}],"wp:attachment":[{"href":"https:\/\/elfaroonline.com.ar\/index.php\/wp-json\/wp\/v2\/media?parent=292"}],"wp:term":[{"taxonomy":"category","embeddable":true,"href":"https:\/\/elfaroonline.com.ar\/index.php\/wp-json\/wp\/v2\/categories?post=292"},{"taxonomy":"post_tag","embeddable":true,"href":"https:\/\/elfaroonline.com.ar\/index.php\/wp-json\/wp\/v2\/tags?post=292"}],"curies":[{"name":"wp","href":"https:\/\/api.w.org\/{rel}","templated":true}]}}