{"id":2942,"date":"2024-11-08T07:14:42","date_gmt":"2024-11-08T10:14:42","guid":{"rendered":"https:\/\/elfaroonline.com.ar\/?p=2942"},"modified":"2024-11-08T07:14:42","modified_gmt":"2024-11-08T10:14:42","slug":"balcozna-apuesta-al-crecimiento-turistico-continuan-obras-en-la-costanera-y-se-trabaja-en-el-terreno-de-la-nueva-hosteria","status":"publish","type":"post","link":"https:\/\/elfaroonline.com.ar\/index.php\/2024\/11\/08\/balcozna-apuesta-al-crecimiento-turistico-continuan-obras-en-la-costanera-y-se-trabaja-en-el-terreno-de-la-nueva-hosteria\/","title":{"rendered":"Balcozna apuesta al crecimiento tur\u00edstico: contin\u00faan obras en la Costanera y se trabaja en el terreno de la nueva hoster\u00eda"},"content":{"rendered":"<p class=\"v1MsoNormal\">El gobernador Ra\u00fal Jalil, junto al intendente de Pacl\u00edn, Eduardo Menecier, recorri\u00f3 obras en la villa de Balcozna, una de las zonas tur\u00edsticas m\u00e1s representativas del norte del departamento. En el lugar se inspeccion\u00f3 los trabajos en la Costanera (obra pronta a inaugurar) y se visit\u00f3 el terreno donde se construir\u00e1 la hoster\u00eda, la cual contar\u00e1 con \u00e1reas comunes y exteriores de uso exclusivo para sus hu\u00e9spedes.<\/p>\n<p class=\"v1MsoNormal\">La renovaci\u00f3n de la Costanera de Balcozna abarca la recuperaci\u00f3n de espacios, la creaci\u00f3n de nuevas estructuras y mejoras generales, con el objetivo de revitalizar el principal eje tur\u00edstico y de recreaci\u00f3n de la villa. Uno de los principales cambios es la creaci\u00f3n de veredas niveladas que facilitar\u00e1n el tr\u00e1nsito y permitir\u00e1n actividades para ni\u00f1os y j\u00f3venes. Adem\u00e1s, se prev\u00e9 la creaci\u00f3n de \u00e1reas de juegos infantiles, espacios de ejercicio al aire libre, y la colocaci\u00f3n de bicicleteros a lo largo del paseo.<\/p>\n<p class=\"v1MsoNormal\">Entre las mejoras de infraestructura, se colocar\u00e1n barandas met\u00e1licas en \u00e1reas donde falta protecci\u00f3n en muros elevados y se renovar\u00e1 el sistema de cableado subterr\u00e1neo. La iluminaci\u00f3n se actualizar\u00e1 a tecnolog\u00eda LED, y un tablero central permitir\u00e1 controlar el encendido de las luces en distintas etapas, facilitando el ahorro de energ\u00eda.<\/p>\n<p class=\"v1MsoNormal\">Esta remodelaci\u00f3n de la Costanera se estructurar\u00e1 en tres etapas para optimizar los costos y los tiempos. La primera etapa abarca la nivelaci\u00f3n y modelado del terreno y otras intervenciones. En la segunda fase se construir\u00e1 un restaurante, y la tercera se centrar\u00e1 en la construcci\u00f3n de la hoster\u00eda, equipada para ofrecer confort a los visitantes. Al concluir, el proyecto sumar\u00e1 espacios recreativos con propuestas para todas las edades, fomentando el comercio, la recreaci\u00f3n y la vida cultural local.<\/p>\n<p class=\"v1MsoNormal\">La Hoster\u00eda de Balcozna contar\u00e1, seg\u00fan el proyecto de obra, con 19 habitaciones, bar, recepci\u00f3n, pileta, juegos, entre otros espacios.<\/p>\n<p class=\"v1MsoNormal\">En la recorrida acompa\u00f1aron el ministro de Infraestructura y Obras Civiles, Juan Marchetti; la senadora departamental, Virginia del Arco; los diputados Maximiliano Mascheroni y Dami\u00e1n Brizuela, entre otras autoridades.<\/p>\n","protected":false},"excerpt":{"rendered":"<p>El gobernador Ra\u00fal Jalil, junto al intendente de Pacl\u00edn, Eduardo Menecier, recorri\u00f3 obras en la villa de Balcozna, una de las zonas tur\u00edsticas m\u00e1s representativas del norte del departamento. En el lugar se inspeccion\u00f3 los trabajos en la Costanera (obra pronta a inaugurar) y se visit\u00f3 el terreno donde se construir\u00e1 la hoster\u00eda, la cual [&hellip;]<\/p>\n","protected":false},"author":2,"featured_media":2943,"comment_status":"open","ping_status":"open","sticky":false,"template":"","format":"standard","meta":{"footnotes":""},"categories":[23,21],"tags":[],"class_list":{"0":"post-2942","1":"post","2":"type-post","3":"status-publish","4":"format-standard","5":"has-post-thumbnail","7":"category-destacados","8":"category-politica"},"aioseo_notices":[],"_links":{"self":[{"href":"https:\/\/elfaroonline.com.ar\/index.php\/wp-json\/wp\/v2\/posts\/2942","targetHints":{"allow":["GET"]}}],"collection":[{"href":"https:\/\/elfaroonline.com.ar\/index.php\/wp-json\/wp\/v2\/posts"}],"about":[{"href":"https:\/\/elfaroonline.com.ar\/index.php\/wp-json\/wp\/v2\/types\/post"}],"author":[{"embeddable":true,"href":"https:\/\/elfaroonline.com.ar\/index.php\/wp-json\/wp\/v2\/users\/2"}],"replies":[{"embeddable":true,"href":"https:\/\/elfaroonline.com.ar\/index.php\/wp-json\/wp\/v2\/comments?post=2942"}],"version-history":[{"count":1,"href":"https:\/\/elfaroonline.com.ar\/index.php\/wp-json\/wp\/v2\/posts\/2942\/revisions"}],"predecessor-version":[{"id":2944,"href":"https:\/\/elfaroonline.com.ar\/index.php\/wp-json\/wp\/v2\/posts\/2942\/revisions\/2944"}],"wp:featuredmedia":[{"embeddable":true,"href":"https:\/\/elfaroonline.com.ar\/index.php\/wp-json\/wp\/v2\/media\/2943"}],"wp:attachment":[{"href":"https:\/\/elfaroonline.com.ar\/index.php\/wp-json\/wp\/v2\/media?parent=2942"}],"wp:term":[{"taxonomy":"category","embeddable":true,"href":"https:\/\/elfaroonline.com.ar\/index.php\/wp-json\/wp\/v2\/categories?post=2942"},{"taxonomy":"post_tag","embeddable":true,"href":"https:\/\/elfaroonline.com.ar\/index.php\/wp-json\/wp\/v2\/tags?post=2942"}],"curies":[{"name":"wp","href":"https:\/\/api.w.org\/{rel}","templated":true}]}}