{"id":295,"date":"2024-04-20T10:49:23","date_gmt":"2024-04-20T13:49:23","guid":{"rendered":"https:\/\/elfaroonline.com.ar\/?p=295"},"modified":"2024-04-20T10:49:23","modified_gmt":"2024-04-20T13:49:23","slug":"raul-jalil-recibio-al-nuevo-presidente-ymad","status":"publish","type":"post","link":"https:\/\/elfaroonline.com.ar\/index.php\/2024\/04\/20\/raul-jalil-recibio-al-nuevo-presidente-ymad\/","title":{"rendered":"Ra\u00fal Jalil recibi\u00f3 al nuevo presidente YMAD"},"content":{"rendered":"<div>\n<p class=\"v1MsoNormal\">En Casa de Gobierno, el gobernador Ra\u00fal Jalil recibi\u00f3 al nuevo presidente de YMAD, Juan Pablo Limodio, con quien mantuvo una charla sobre su arribo a la empresa minera estatal.<\/p>\n<p class=\"v1MsoNormal\">Limodio resalt\u00f3 que encontr\u00f3 una empresa equilibrada y con sus cuentas en reglas. En este sentido, se debe destacar que YMAD es una de las empresas estatales que arroj\u00f3 saldo positivo en sus balances.<\/p>\n<p class=\"v1MsoNormal\">Las autoridades coincidieron en la importancia de continuar trabajando en conjunto para la llegada de nuevas inversiones mineras y, por ello, se destinar\u00e1 un nuevo mobiliario -ubicado en calles La Rioja y Vicario Segura- para unificar las oficinas del Ministerio de Miner\u00eda, YMAD y CAMYEN.<\/p>\n<p class=\"v1MsoNormal\">El objetivo de este nuevo edificio es que todo lo relacionado a la actividad minera est\u00e9 concentrado en un solo espacio para poder coordinar el trabajo.<\/p>\n<p class=\"v1MsoNormal\">El Gobernador sostuvo que &#8220;YMAD es un orgullo para la provincia&#8221;, y remarc\u00f3 la importancia en la generaci\u00f3n de empleos, ya que de los m\u00e1s de 500 empleados que tiene la empresa el 90% son oriundos de Catamarca.<\/p>\n<p class=\"v1MsoNormal\">Es importante mencionar que toda la informaci\u00f3n correspondiente a YMAD se la puede encontrar en su p\u00e1gina web <a href=\"http:\/\/www.ymad.com.ar\/\" target=\"_blank\" rel=\"noopener noreferrer\">www.ymad.com.ar<\/a>, donde se plasma todo el accionar de la empresa, programa y proyectos que tiene en marcha.<\/p>\n<p class=\"v1MsoNormal\">Participaron del encuentro los vocales Fernando Jalil y \u00c1ngel Mercado, que representan a la provincia en la empresa, y la ministra de Econom\u00eda, Alejandra Nazareno.<\/p>\n<\/div>\n","protected":false},"excerpt":{"rendered":"<p>En Casa de Gobierno, el gobernador Ra\u00fal Jalil recibi\u00f3 al nuevo presidente de YMAD, Juan Pablo Limodio, con quien mantuvo una charla sobre su arribo a la empresa minera estatal. Limodio resalt\u00f3 que encontr\u00f3 una empresa equilibrada y con sus cuentas en reglas. En este sentido, se debe destacar que YMAD es una de las [&hellip;]<\/p>\n","protected":false},"author":2,"featured_media":296,"comment_status":"open","ping_status":"open","sticky":false,"template":"","format":"standard","meta":{"footnotes":""},"categories":[21],"tags":[],"class_list":{"0":"post-295","1":"post","2":"type-post","3":"status-publish","4":"format-standard","5":"has-post-thumbnail","7":"category-politica"},"aioseo_notices":[],"_links":{"self":[{"href":"https:\/\/elfaroonline.com.ar\/index.php\/wp-json\/wp\/v2\/posts\/295","targetHints":{"allow":["GET"]}}],"collection":[{"href":"https:\/\/elfaroonline.com.ar\/index.php\/wp-json\/wp\/v2\/posts"}],"about":[{"href":"https:\/\/elfaroonline.com.ar\/index.php\/wp-json\/wp\/v2\/types\/post"}],"author":[{"embeddable":true,"href":"https:\/\/elfaroonline.com.ar\/index.php\/wp-json\/wp\/v2\/users\/2"}],"replies":[{"embeddable":true,"href":"https:\/\/elfaroonline.com.ar\/index.php\/wp-json\/wp\/v2\/comments?post=295"}],"version-history":[{"count":1,"href":"https:\/\/elfaroonline.com.ar\/index.php\/wp-json\/wp\/v2\/posts\/295\/revisions"}],"predecessor-version":[{"id":297,"href":"https:\/\/elfaroonline.com.ar\/index.php\/wp-json\/wp\/v2\/posts\/295\/revisions\/297"}],"wp:featuredmedia":[{"embeddable":true,"href":"https:\/\/elfaroonline.com.ar\/index.php\/wp-json\/wp\/v2\/media\/296"}],"wp:attachment":[{"href":"https:\/\/elfaroonline.com.ar\/index.php\/wp-json\/wp\/v2\/media?parent=295"}],"wp:term":[{"taxonomy":"category","embeddable":true,"href":"https:\/\/elfaroonline.com.ar\/index.php\/wp-json\/wp\/v2\/categories?post=295"},{"taxonomy":"post_tag","embeddable":true,"href":"https:\/\/elfaroonline.com.ar\/index.php\/wp-json\/wp\/v2\/tags?post=295"}],"curies":[{"name":"wp","href":"https:\/\/api.w.org\/{rel}","templated":true}]}}