{"id":2951,"date":"2024-11-08T07:15:51","date_gmt":"2024-11-08T10:15:51","guid":{"rendered":"https:\/\/elfaroonline.com.ar\/?p=2951"},"modified":"2024-11-08T07:15:51","modified_gmt":"2024-11-08T10:15:51","slug":"donald-trump-nombro-a-susie-wiles-como-jefa-de-gabinete-los-principales-candidatos-a-ocupar-el-resto-de-los-cargos","status":"publish","type":"post","link":"https:\/\/elfaroonline.com.ar\/index.php\/2024\/11\/08\/donald-trump-nombro-a-susie-wiles-como-jefa-de-gabinete-los-principales-candidatos-a-ocupar-el-resto-de-los-cargos\/","title":{"rendered":"Donald Trump nombr\u00f3 a Susie Wiles como jefa de Gabinete: los principales candidatos a ocupar el resto de los cargos"},"content":{"rendered":"<p>El presidente electo de Estados Unidos<b> Donald Trump<\/b> ya est\u00e1 trabajando para <b>cubrir puestos clave en su gabinete<\/b>, as\u00ed como miles de puestos federales. En ese contexto, confirm\u00f3 que su jefa de Gabinete ser\u00e1 <b>Susie Wiles<\/b>, su asesora de mayor jerarqu\u00eda en la campa\u00f1a electoral.<br \/>\n\u201c<b>Susie es dura, inteligente, innovadora, y es universalmente admirada y respetada. <\/b>Susie seguir\u00e1 trabajando incansablemente para Hacer Am\u00e9rica Grande Otra Vez\u201d, dijo Trump en un comunicado. \u201cEs un honor bien merecido tener a Susie como la primera jefa de Gabinete de la historia de Estados Unidos. No tengo ninguna duda de que har\u00e1 que nuestro pa\u00eds se sienta orgulloso\u201d, agreg\u00f3.<\/p>\n<p>Trump la invit\u00f3 a subir al escenario durante su discurso de victoria y ha sido se\u00f1alada como la principal candidata para el puesto de guardiana de la Oficina Oval.<\/p>\n<p>Trump la invit\u00f3 a subir al escenario durante su discurso de victoria y ha sido se\u00f1alada como la principal candidata para el puesto de guardiana de la Oficina Oval.<\/p>\n<p class=\"paragraph\" data-mrf-recirculation=\"Links inline\">Tras el anuncio de Willes, se espera que las primeras selecciones se realicen en los \u201c<b>pr\u00f3ximos d\u00edas y semanas<\/b>\u201d, dijo el jueves su equipo de transici\u00f3n.<\/p>\n<p class=\"paragraph\" data-mrf-recirculation=\"Links inline\">Linda McMahon, ex directora ejecutiva de World Wrestling Entertainment, y Howard Lutnick, fundador de la firma de corretaje Cantor Fitzgerald, est\u00e1n liderando el proceso.<\/p>\n<p class=\"paragraph\" data-mrf-recirculation=\"Links inline\">\u201cHay algunas personas que volver\u00e1n (del primer mandato de Trump)\u201d, dijo el mi\u00e9rcoles a Fox Business Jason Miller, asesor principal de Trump. \u201cY habr\u00e1 gente nueva que se sumar\u00e1 al grupo\u201d.<\/p>\n","protected":false},"excerpt":{"rendered":"<p>El presidente electo de Estados Unidos Donald Trump ya est\u00e1 trabajando para cubrir puestos clave en su gabinete, as\u00ed como miles de puestos federales. En ese contexto, confirm\u00f3 que su jefa de Gabinete ser\u00e1 Susie Wiles, su asesora de mayor jerarqu\u00eda en la campa\u00f1a electoral. \u201cSusie es dura, inteligente, innovadora, y es universalmente admirada y [&hellip;]<\/p>\n","protected":false},"author":2,"featured_media":2952,"comment_status":"open","ping_status":"open","sticky":false,"template":"","format":"standard","meta":{"footnotes":""},"categories":[24],"tags":[],"class_list":{"0":"post-2951","1":"post","2":"type-post","3":"status-publish","4":"format-standard","5":"has-post-thumbnail","7":"category-mundo"},"aioseo_notices":[],"_links":{"self":[{"href":"https:\/\/elfaroonline.com.ar\/index.php\/wp-json\/wp\/v2\/posts\/2951","targetHints":{"allow":["GET"]}}],"collection":[{"href":"https:\/\/elfaroonline.com.ar\/index.php\/wp-json\/wp\/v2\/posts"}],"about":[{"href":"https:\/\/elfaroonline.com.ar\/index.php\/wp-json\/wp\/v2\/types\/post"}],"author":[{"embeddable":true,"href":"https:\/\/elfaroonline.com.ar\/index.php\/wp-json\/wp\/v2\/users\/2"}],"replies":[{"embeddable":true,"href":"https:\/\/elfaroonline.com.ar\/index.php\/wp-json\/wp\/v2\/comments?post=2951"}],"version-history":[{"count":1,"href":"https:\/\/elfaroonline.com.ar\/index.php\/wp-json\/wp\/v2\/posts\/2951\/revisions"}],"predecessor-version":[{"id":2953,"href":"https:\/\/elfaroonline.com.ar\/index.php\/wp-json\/wp\/v2\/posts\/2951\/revisions\/2953"}],"wp:featuredmedia":[{"embeddable":true,"href":"https:\/\/elfaroonline.com.ar\/index.php\/wp-json\/wp\/v2\/media\/2952"}],"wp:attachment":[{"href":"https:\/\/elfaroonline.com.ar\/index.php\/wp-json\/wp\/v2\/media?parent=2951"}],"wp:term":[{"taxonomy":"category","embeddable":true,"href":"https:\/\/elfaroonline.com.ar\/index.php\/wp-json\/wp\/v2\/categories?post=2951"},{"taxonomy":"post_tag","embeddable":true,"href":"https:\/\/elfaroonline.com.ar\/index.php\/wp-json\/wp\/v2\/tags?post=2951"}],"curies":[{"name":"wp","href":"https:\/\/api.w.org\/{rel}","templated":true}]}}