{"id":2956,"date":"2024-11-08T07:34:59","date_gmt":"2024-11-08T10:34:59","guid":{"rendered":"https:\/\/elfaroonline.com.ar\/?p=2956"},"modified":"2024-11-08T07:34:59","modified_gmt":"2024-11-08T10:34:59","slug":"arrestan-a-empleado-de-ec-sapem-por-realizar-maniobras-fraudulentas","status":"publish","type":"post","link":"https:\/\/elfaroonline.com.ar\/index.php\/2024\/11\/08\/arrestan-a-empleado-de-ec-sapem-por-realizar-maniobras-fraudulentas\/","title":{"rendered":"Arrestan a empleado de EC SAPEM por realizar maniobras fraudulentas"},"content":{"rendered":"<p class=\"v1MsoNormal\">Tras una ardua investigaci\u00f3n, personal de la <b>Divisi\u00f3n Ciberdelitos<\/b>, dependiente del Departamento Investigaciones Judiciales, bajo las directivas del Juzgado de Control de Garant\u00edas de Primera Nominaci\u00f3n, con intervenci\u00f3n de la Fiscal\u00eda de Instrucci\u00f3n N<span lang=\"EN-US\">\u00b0<\/span> 7 con competencia en Delitos Inform\u00e1ticos, a cargo de la Dra. Valeria Deolinda Reyes, materializ\u00f3 un allanamiento de morada en una vivienda ubicada en la calle Guillermo Correa S\/N<span lang=\"EN-US\">\u00b0<\/span>, de la localidad de San Isidro, Departamento Valle Viejo.<\/p>\n<p class=\"v1MsoNormal\">En el lugar, los polic\u00edas conjuntamente con Sumariantes del Precinto Judicial N<span lang=\"EN-US\">\u00b0<\/span> 4, encontraron un (01) tel\u00e9fono celular, una (01) tarjeta ICCID, una (01) tarjeta de memoria Micro SD, una (01) CPU Gamer, un (01) pendrive, un (01) disco port\u00e1til, once (11) tarjetas de cr\u00e9dito\/d\u00e9bito de entidades bancarias y billeteras virtuales, y un (01) par de zapatillas, que quedaron en calidad de secuestro al igual que ciento setenta boletas (170) de pago de facturas de la empresa EC SAPEM de diferentes usuarios, cuatro (04) lentes para sol y tres (03) estuches porta lentes.<\/p>\n<p class=\"v1MsoNormal\">Al finalizar la medida Judicial, los efectivos procedieron al arresto en averiguaci\u00f3n del hecho de un joven de apellido <b>C\u00f3rdoba (29)<\/b>, quien fue puesto a disposici\u00f3n de la Fiscal\u00eda de Instrucci\u00f3n del Distrito Este, en tanto que peritos de la Direcci\u00f3n Criminal\u00edstica realizaron tareas de su especialidad.<\/p>\n","protected":false},"excerpt":{"rendered":"<p>Tras una ardua investigaci\u00f3n, personal de la Divisi\u00f3n Ciberdelitos, dependiente del Departamento Investigaciones Judiciales, bajo las directivas del Juzgado de Control de Garant\u00edas de Primera Nominaci\u00f3n, con intervenci\u00f3n de la Fiscal\u00eda de Instrucci\u00f3n N\u00b0 7 con competencia en Delitos Inform\u00e1ticos, a cargo de la Dra. Valeria Deolinda Reyes, materializ\u00f3 un allanamiento de morada en una [&hellip;]<\/p>\n","protected":false},"author":2,"featured_media":2957,"comment_status":"open","ping_status":"open","sticky":false,"template":"","format":"standard","meta":{"footnotes":""},"categories":[27],"tags":[],"class_list":{"0":"post-2956","1":"post","2":"type-post","3":"status-publish","4":"format-standard","5":"has-post-thumbnail","7":"category-policiales"},"aioseo_notices":[],"_links":{"self":[{"href":"https:\/\/elfaroonline.com.ar\/index.php\/wp-json\/wp\/v2\/posts\/2956","targetHints":{"allow":["GET"]}}],"collection":[{"href":"https:\/\/elfaroonline.com.ar\/index.php\/wp-json\/wp\/v2\/posts"}],"about":[{"href":"https:\/\/elfaroonline.com.ar\/index.php\/wp-json\/wp\/v2\/types\/post"}],"author":[{"embeddable":true,"href":"https:\/\/elfaroonline.com.ar\/index.php\/wp-json\/wp\/v2\/users\/2"}],"replies":[{"embeddable":true,"href":"https:\/\/elfaroonline.com.ar\/index.php\/wp-json\/wp\/v2\/comments?post=2956"}],"version-history":[{"count":1,"href":"https:\/\/elfaroonline.com.ar\/index.php\/wp-json\/wp\/v2\/posts\/2956\/revisions"}],"predecessor-version":[{"id":2958,"href":"https:\/\/elfaroonline.com.ar\/index.php\/wp-json\/wp\/v2\/posts\/2956\/revisions\/2958"}],"wp:featuredmedia":[{"embeddable":true,"href":"https:\/\/elfaroonline.com.ar\/index.php\/wp-json\/wp\/v2\/media\/2957"}],"wp:attachment":[{"href":"https:\/\/elfaroonline.com.ar\/index.php\/wp-json\/wp\/v2\/media?parent=2956"}],"wp:term":[{"taxonomy":"category","embeddable":true,"href":"https:\/\/elfaroonline.com.ar\/index.php\/wp-json\/wp\/v2\/categories?post=2956"},{"taxonomy":"post_tag","embeddable":true,"href":"https:\/\/elfaroonline.com.ar\/index.php\/wp-json\/wp\/v2\/tags?post=2956"}],"curies":[{"name":"wp","href":"https:\/\/api.w.org\/{rel}","templated":true}]}}