{"id":2959,"date":"2024-11-08T07:37:57","date_gmt":"2024-11-08T10:37:57","guid":{"rendered":"https:\/\/elfaroonline.com.ar\/?p=2959"},"modified":"2024-11-08T07:37:57","modified_gmt":"2024-11-08T10:37:57","slug":"gobierno-lanza-subsidio-al-consumo-electrico-para-grandes-usuarios-del-sector-agroproductivo-de-catamarca","status":"publish","type":"post","link":"https:\/\/elfaroonline.com.ar\/index.php\/2024\/11\/08\/gobierno-lanza-subsidio-al-consumo-electrico-para-grandes-usuarios-del-sector-agroproductivo-de-catamarca\/","title":{"rendered":"Gobierno lanza subsidio al consumo el\u00e9ctrico para grandes usuarios del sector agroproductivo de Catamarca"},"content":{"rendered":"<p class=\"v1MsoNormal\">Luego de sucesivas reuniones entre el Gobernador Ra\u00fal Jalil y diferentes representantes de sectores agroproductivos de la provincia, se decidi\u00f3 implementar un beneficio para aliviar los costos de la tarifa energ\u00e9tica y potenciar el desarrollo competitivo de la agroindustria local.<\/p>\n<p class=\"v1MsoNormal\">El Ministerio de Inclusi\u00f3n Digital y Sistemas Productivos (MIDySP), encabezado por el ministro Juan Cruz Miranda, operativiz\u00f3 en conjunto con Agroindustrias Catamarca Sociedad del Estado (AICAT S.E.) un subsidio del 30% en la tarifa base energ\u00e9tica, para productores agropecuarios de la provincia que utilicen equipos de bombeo para la extracci\u00f3n de agua de riego.<\/p>\n<p class=\"v1MsoNormal\">Se trata de una iniciativa clave para sectores como el oliv\u00edcola, nogalero, ganadero y productores de pasturas entre otros, con el objetivo de aliviar los altos costos de la tarifa energ\u00e9tica, que actualmente representa una carga significativa para muchas empresas agr\u00edcolas, que utilizan sistemas de riego con electrobombas. Con este beneficio, el Gobierno Provincial reafirma su compromiso de fortalecer a uno de los sectores fundamentales para el desarrollo econ\u00f3mico local y gran generador de empleo y crecimiento en Catamarca.<\/p>\n<p class=\"v1MsoNormal\">En una primera instancia, se relevaron cerca de noventa grandes usuarios que ser\u00e1n incluidos en el subsidio de la tarifa a partir de este mes de noviembre, donde se aplicar\u00e1 el descuento en la boleta de energ\u00eda y a su vez la empresa AICat SE reintegrar\u00e1 a la distribuidora EC SAPEM el total de subsidio otorgado a las empresas, que se estima en m\u00e1s de $110 millones de pesos mensuales.<\/p>\n<p class=\"v1MsoNormal\">El Ministerio de Inclusi\u00f3n Digital y Sistemas Productivos realizar\u00e1 controles mensuales para verificar el cumplimiento de los requisitos y asegurar el uso adecuado de los recursos.<\/p>\n<p class=\"v1MsoNormal\">Para obtener m\u00e1s informaci\u00f3n, los productores pueden contactarse a trav\u00e9s de las redes sociales del Ministerio de Inclusi\u00f3n Digital y Sistemas Productivos o acudir directamente a las oficinas del mismo, ubicadas en el pabell\u00f3n N\u00b028 del CAPE.<\/p>\n","protected":false},"excerpt":{"rendered":"<p>Luego de sucesivas reuniones entre el Gobernador Ra\u00fal Jalil y diferentes representantes de sectores agroproductivos de la provincia, se decidi\u00f3 implementar un beneficio para aliviar los costos de la tarifa energ\u00e9tica y potenciar el desarrollo competitivo de la agroindustria local. El Ministerio de Inclusi\u00f3n Digital y Sistemas Productivos (MIDySP), encabezado por el ministro Juan Cruz [&hellip;]<\/p>\n","protected":false},"author":2,"featured_media":2960,"comment_status":"open","ping_status":"open","sticky":false,"template":"","format":"standard","meta":{"footnotes":""},"categories":[21],"tags":[],"class_list":{"0":"post-2959","1":"post","2":"type-post","3":"status-publish","4":"format-standard","5":"has-post-thumbnail","7":"category-politica"},"aioseo_notices":[],"_links":{"self":[{"href":"https:\/\/elfaroonline.com.ar\/index.php\/wp-json\/wp\/v2\/posts\/2959","targetHints":{"allow":["GET"]}}],"collection":[{"href":"https:\/\/elfaroonline.com.ar\/index.php\/wp-json\/wp\/v2\/posts"}],"about":[{"href":"https:\/\/elfaroonline.com.ar\/index.php\/wp-json\/wp\/v2\/types\/post"}],"author":[{"embeddable":true,"href":"https:\/\/elfaroonline.com.ar\/index.php\/wp-json\/wp\/v2\/users\/2"}],"replies":[{"embeddable":true,"href":"https:\/\/elfaroonline.com.ar\/index.php\/wp-json\/wp\/v2\/comments?post=2959"}],"version-history":[{"count":1,"href":"https:\/\/elfaroonline.com.ar\/index.php\/wp-json\/wp\/v2\/posts\/2959\/revisions"}],"predecessor-version":[{"id":2961,"href":"https:\/\/elfaroonline.com.ar\/index.php\/wp-json\/wp\/v2\/posts\/2959\/revisions\/2961"}],"wp:featuredmedia":[{"embeddable":true,"href":"https:\/\/elfaroonline.com.ar\/index.php\/wp-json\/wp\/v2\/media\/2960"}],"wp:attachment":[{"href":"https:\/\/elfaroonline.com.ar\/index.php\/wp-json\/wp\/v2\/media?parent=2959"}],"wp:term":[{"taxonomy":"category","embeddable":true,"href":"https:\/\/elfaroonline.com.ar\/index.php\/wp-json\/wp\/v2\/categories?post=2959"},{"taxonomy":"post_tag","embeddable":true,"href":"https:\/\/elfaroonline.com.ar\/index.php\/wp-json\/wp\/v2\/tags?post=2959"}],"curies":[{"name":"wp","href":"https:\/\/api.w.org\/{rel}","templated":true}]}}