{"id":2962,"date":"2024-11-08T07:44:25","date_gmt":"2024-11-08T10:44:25","guid":{"rendered":"https:\/\/elfaroonline.com.ar\/?p=2962"},"modified":"2024-11-08T07:44:25","modified_gmt":"2024-11-08T10:44:25","slug":"javier-milei-la-recesion-ha-terminado-y-el-pais-ha-comenzado-a-crecer","status":"publish","type":"post","link":"https:\/\/elfaroonline.com.ar\/index.php\/2024\/11\/08\/javier-milei-la-recesion-ha-terminado-y-el-pais-ha-comenzado-a-crecer\/","title":{"rendered":"Javier Milei: \u201cLa recesi\u00f3n ha terminado y el pa\u00eds ha comenzado a crecer\u201d"},"content":{"rendered":"<p class=\"paragraph\" data-mrf-recirculation=\"Links inline\">Javier Milei habl\u00f3 en la celebraci\u00f3n de los 100 a\u00f1os de la C\u00e1mara Argentina de Comercio y envi\u00f3 un fuerte mensaje econ\u00f3mico sobre el presente y el futuro econ\u00f3mico del pa\u00eds. En el comienzo de su alocuci\u00f3n fue contundente: <b>\u201cHoy vengo con un mensaje muy particular: la recesi\u00f3n ha terminado y el pa\u00eds ha comenzado a crecer\u201d.<\/b><\/p>\n<div class=\"news-module\" data-mrf-recirculation=\"IL_2_GB_9O-QPaEgG0T7rEvhQ\" data-testid=\"text-html\" data-mrf-experience=\"IL_2_GB_9O-QPaEgG0T7rEvhQ\">\n<div class=\"recommended-card__info\">E inmediatamente agreg\u00f3: \u201cQuiero agradecer a los argentinos por el inmenso esfuerzo que han hecho este a\u00f1o. A los asalariados, a los cuentapropistas, a los que tienen changas y tratan de salir adelante d\u00eda a d\u00eda. A los argentinos que hab\u00edan sido perjudicados por el sistema establecido por los pol\u00edticos. Ese intervalo de dolor termin\u00f3, la recesi\u00f3n termin\u00f3, estamos saliendo del desierto, el pa\u00eds finalmente ha empezado a crecer\u201d.<\/div>\n<div>\n<p class=\"paragraph\" data-mrf-recirculation=\"Links inline\">Antes de comenzar con su cl\u00e1sico repaso de gesti\u00f3n econ\u00f3mica, con fuertes cr\u00edticas al kirchnerismo, el Presidente insisti\u00f3 con que \u201cel esfuerzo es un condimento necesario de progreso\u201d y afirm\u00f3: \u201cLos argentinos con suficiente edad tienen recuerdo de haber vivido \u00e9pocas mejores. <b>Pero quiero decir que de aqu\u00ed en m\u00e1s estaremos cada vez un poco mejor. Ya hay sectores que perciben una mejora incipiente. Pronto ser\u00e1 una realidad para todos\u201d.<\/b><\/p>\n<p class=\"paragraph\" data-mrf-recirculation=\"Links inline\">\u201cEl programa que nos planteamos en diciembre funcion\u00f3 y funciona, pese a que les moleste a muchos <i>econochantas<\/i>. Hicimos un programa de shock que se sosten\u00eda. <b>Tuvimos una recesi\u00f3n. Despu\u00e9s dijimos que la econom\u00eda subir\u00eda como pedo de buzo y \u00bfadivinen qu\u00e9?: las burbujas est\u00e1n empezando a verse.<\/b> Los estimadores de actividad econ\u00f3mica dan igual agosto que diciembre\u201d, a\u00f1adi\u00f3.<\/p>\n<p class=\"paragraph\" data-mrf-recirculation=\"Links inline\">Y continu\u00f3: \u201cDado el veloz avance de la econom\u00eda en septiembre y octubre nos hace suponer que ya hemos superado a los indicadores de los meses anteriores. Estamos bajando la inflaci\u00f3n casi sin costo a la luz de haber hecho el ajuste m\u00e1s grande de la historia de la humanidad, 15 puntos del PBI. Universidades prestigiosas del mundo se est\u00e1n dedicando a estudiar el caso argentino y hablan de milagro\u201d.<\/p>\n<p class=\"paragraph\" data-mrf-recirculation=\"Links inline\">Sin embargo, el mandatario luego explic\u00f3 que, bajo su punto de vista, \u201cno es un milagro\u201d; por el contrario, plante\u00f3 que se trata del resultado de \u201csentarse a hacer los deberes, como corresponde, sin dejarse correr por ning\u00fan grupo focal o encuesta, sin priorizar los intereses pol\u00edticos y electorales, solo con la convicci\u00f3n de hacer lo que hay que hacer pero de verdad\u201d. \u201cLa econom\u00eda tiene reglas y estas reglas no se pueden dibujar ni torcer, no somos dioses, no podemos distorsionar la realidad\u201d, agreg\u00f3. Luego, m\u00e1s adelante en el discurso, asegur\u00f3: \u201cYo me dedico a hacer eso, no me importa lo que digan las encuestas, no me importan nada\u201d.<\/p>\n<p class=\"paragraph\" data-mrf-recirculation=\"Links inline\">En ese sentido, el Presidente destac\u00f3 el trabajo que lleva adelante desde que asumi\u00f3 la gesti\u00f3n al precisar que el ajuste se hizo sobre la estructura p\u00fablica del Estado. \u201cEl 95% del ajuste cay\u00f3 sobre el sector p\u00fablico o acaso qu\u00e9 es eliminar de cuajo las obras p\u00fablicas. Miren los salarios que menos crecen son los salarios del sector p\u00fablico. <b>Echamos a 33 mil \u00f1oquis, adem\u00e1s echamos a otras 3155 personas que los persegu\u00edan desde la AFIP<\/b>\u201d, se\u00f1al\u00f3.<\/p>\n<p class=\"paragraph\" data-mrf-recirculation=\"Links inline\">Al respecto, Milei sostuvo que \u201cse necesita un Estado lo m\u00e1s chico posible, que cumpla de manera eficaz y nada m\u00e1s que sus funciones b\u00e1sicas, a\u00fan nos quedan 3200 reformas en cartera y por eso creamos el <b>Ministerio de Transformaci\u00f3n y Desregulaci\u00f3n del Estado<\/b>porque en Argentina sobra Estado\u201d.<\/p>\n<p class=\"paragraph\" data-mrf-recirculation=\"Links inline\">Con respecto a los indicadores macroecon\u00f3micos, el presidente celebr\u00f3 el impacto que tuvo en la imagen econ\u00f3mica de argentina la victoria de Donald Trump en las elecciones en Estados Unidos por la cercan\u00eda entre ambos. \u201cImag\u00ednense todo lo que podemos lograr si el pa\u00eds m\u00e1s poderoso del mundo comparte nuestras ideas y nuestro norte\u201d, indic\u00f3.<\/p>\n<p class=\"paragraph\" data-mrf-recirculation=\"Links inline\">Incluso, cont\u00f3 que parte de su gabinete se encuentra en contacto con quienes formar\u00e1n parte del equipo econ\u00f3mico del republicano. \u201cEl propio <b>Donald Trump<\/b> incorpor\u00f3 en sus filas a Elon Musk para replicar el modelo que est\u00e1 haciendo <b>Federico Sturzenegger<\/b>, es decir estamos exportando el modelo de la motosierra al mundo, estamos cambiando el mundo y estamos haciendo un mundo m\u00e1s libre\u201d, celebr\u00f3. En este contexto, aprovech\u00f3 la oportunidad para agradecer a todo su Gabinete por el trabajo que realizan d\u00eda a d\u00eda junto a \u00e9l.<\/p>\n<p class=\"paragraph\" data-mrf-recirculation=\"Links inline\">Por otro lado, el mandatario le habl\u00f3 directamente a la sociedad \u201ctendr\u00e1n que acostumbrarse culturalmente al crecimiento\u201d. \u201cUn pa\u00eds en crecimiento es que un aumento salarial signifique mejorar la capacidad de compra, no tratar de igualar la inflaci\u00f3n. Es tomar un cr\u00e9dito hipotecario y ser due\u00f1o, en vez de pagar un alquiler toda la vida. Es saber que si te dedicas y labur\u00e1s vas a vivir mejor que hoy. Es que cu\u00e1nto m\u00e1s trabajes mejor te va a ir, pero que te pueda alcanzar con un trabajo de tiempo completo para ir, sin la necesidad de tener dos o tres trabajos, ni la asistencia del Estado\u201d, explic\u00f3.<\/p>\n<p class=\"paragraph\" data-mrf-recirculation=\"Links inline\">Sobre el cierre de su discurso, profundiz\u00f3 que \u201cel da\u00f1o m\u00e1s grande que hab\u00eda hecho el modelo del Estado presente fue infundir temor a los argentinos\u201d. \u201cNos oblig\u00f3 a vivir en un eterno y miserable presente, nos oblig\u00f3 a vivir a la defensiva en vez de la ofensiva porque qui\u00e9n puede tomar una decisi\u00f3n econ\u00f3mica, sin saber cu\u00e1nto van a valer las cosas ma\u00f1ana\u201d, se\u00f1al\u00f3.<\/p>\n<\/div>\n<\/div>\n","protected":false},"excerpt":{"rendered":"<p>Javier Milei habl\u00f3 en la celebraci\u00f3n de los 100 a\u00f1os de la C\u00e1mara Argentina de Comercio y envi\u00f3 un fuerte mensaje econ\u00f3mico sobre el presente y el futuro econ\u00f3mico del pa\u00eds. En el comienzo de su alocuci\u00f3n fue contundente: \u201cHoy vengo con un mensaje muy particular: la recesi\u00f3n ha terminado y el pa\u00eds ha comenzado [&hellip;]<\/p>\n","protected":false},"author":2,"featured_media":2963,"comment_status":"open","ping_status":"open","sticky":false,"template":"","format":"standard","meta":{"footnotes":""},"categories":[22],"tags":[],"class_list":{"0":"post-2962","1":"post","2":"type-post","3":"status-publish","4":"format-standard","5":"has-post-thumbnail","7":"category-nacionales"},"aioseo_notices":[],"_links":{"self":[{"href":"https:\/\/elfaroonline.com.ar\/index.php\/wp-json\/wp\/v2\/posts\/2962","targetHints":{"allow":["GET"]}}],"collection":[{"href":"https:\/\/elfaroonline.com.ar\/index.php\/wp-json\/wp\/v2\/posts"}],"about":[{"href":"https:\/\/elfaroonline.com.ar\/index.php\/wp-json\/wp\/v2\/types\/post"}],"author":[{"embeddable":true,"href":"https:\/\/elfaroonline.com.ar\/index.php\/wp-json\/wp\/v2\/users\/2"}],"replies":[{"embeddable":true,"href":"https:\/\/elfaroonline.com.ar\/index.php\/wp-json\/wp\/v2\/comments?post=2962"}],"version-history":[{"count":1,"href":"https:\/\/elfaroonline.com.ar\/index.php\/wp-json\/wp\/v2\/posts\/2962\/revisions"}],"predecessor-version":[{"id":2964,"href":"https:\/\/elfaroonline.com.ar\/index.php\/wp-json\/wp\/v2\/posts\/2962\/revisions\/2964"}],"wp:featuredmedia":[{"embeddable":true,"href":"https:\/\/elfaroonline.com.ar\/index.php\/wp-json\/wp\/v2\/media\/2963"}],"wp:attachment":[{"href":"https:\/\/elfaroonline.com.ar\/index.php\/wp-json\/wp\/v2\/media?parent=2962"}],"wp:term":[{"taxonomy":"category","embeddable":true,"href":"https:\/\/elfaroonline.com.ar\/index.php\/wp-json\/wp\/v2\/categories?post=2962"},{"taxonomy":"post_tag","embeddable":true,"href":"https:\/\/elfaroonline.com.ar\/index.php\/wp-json\/wp\/v2\/tags?post=2962"}],"curies":[{"name":"wp","href":"https:\/\/api.w.org\/{rel}","templated":true}]}}