{"id":2973,"date":"2024-11-10T22:30:20","date_gmt":"2024-11-11T01:30:20","guid":{"rendered":"https:\/\/elfaroonline.com.ar\/?p=2973"},"modified":"2024-11-10T22:30:20","modified_gmt":"2024-11-11T01:30:20","slug":"el-empleo-privado-registrado-nuevamente-en-alza-en-catamarca","status":"publish","type":"post","link":"https:\/\/elfaroonline.com.ar\/index.php\/2024\/11\/10\/el-empleo-privado-registrado-nuevamente-en-alza-en-catamarca\/","title":{"rendered":"El empleo privado registrado nuevamente en alza en Catamarca"},"content":{"rendered":"<p class=\"v1MsoNormal\">Catamarca se posicion\u00f3 como l\u00edder nacional en generaci\u00f3n de empleo privado registrado en los \u00faltimos a\u00f1os, y desde diciembre de 2019 alcanz\u00f3 un aumento acumulado del 31,6%. De acuerdo con la Secretar\u00eda de Trabajo, Empleo y Seguridad Social, en agosto de 2024 la provincia experiment\u00f3 un incremento del 0,6 % en el empleo privado registrado, que elev\u00f3 el total provincial a 36.072 empleos.<\/p>\n<p class=\"v1MsoNormal\">Esta alza refleja el esfuerzo conjunto entre el Gobierno provincial y sectores claves como la miner\u00eda, la construcci\u00f3n y el turismo, que trabajan enfocados en la creaci\u00f3n de empleos sostenibles y la atracci\u00f3n de inversiones para responder a las demandas actuales del mercado laboral.<\/p>\n<p class=\"v1MsoNormal\">&#8220;Venimos trabajando intensamente en pol\u00edticas p\u00fablicas que atraigan inversiones, con cr\u00e9ditos para emprendedores y pymes, y controles permanentes como los del sector de la construcci\u00f3n, que lograron formalizar numerosos empleos&#8221;, destac\u00f3 Ver\u00f3nica Soria, ministra de Trabajo, Planificaci\u00f3n y Recursos Humanos.<\/p>\n<p class=\"v1MsoNormal\">Tras un crecimiento constante hasta noviembre de 2023, la econom\u00eda catamarque\u00f1a experiment\u00f3 una fase de estancamiento del empleo privado, debido en gran parte al adverso contexto internacional, marcado por conflictos b\u00e9licos y recesi\u00f3n econ\u00f3mica global.<\/p>\n<p class=\"v1MsoNormal\">Pese a estas dificultades, la Provincia mantuvo el nivel de actividad econ\u00f3mica y mostr\u00f3 una marcada recuperaci\u00f3n gracias a la implementaci\u00f3n de acciones como el programa One Shot Plus, el sostenimiento de la obra p\u00fablica y el apoyo a sectores productivos y textiles, los cuales han sido pilares en la consolidaci\u00f3n del crecimiento y la generaci\u00f3n de empleo registrado en Catamarca.<\/p>\n<p class=\"v1MsoNormal\">\n<p class=\"v1MsoNormal\">Por \u00faltimo, la funcionaria subray\u00f3 la importancia de la colaboraci\u00f3n p\u00fablico-privada, que impulsa la formaci\u00f3n de trabajadores en sectores estrat\u00e9gicos. &#8220;Contamos con programas de capacitaci\u00f3n en alianza con organismos nacionales e internacionales. Estos proyectos, en colaboraci\u00f3n con la Universidad Nacional de Catamarca y la Fundaci\u00f3n UOCRA, est\u00e1n orientados a oficios t\u00e9cnicos de alta demanda laboral&#8221;.<\/p>\n","protected":false},"excerpt":{"rendered":"<p>Catamarca se posicion\u00f3 como l\u00edder nacional en generaci\u00f3n de empleo privado registrado en los \u00faltimos a\u00f1os, y desde diciembre de 2019 alcanz\u00f3 un aumento acumulado del 31,6%. De acuerdo con la Secretar\u00eda de Trabajo, Empleo y Seguridad Social, en agosto de 2024 la provincia experiment\u00f3 un incremento del 0,6 % en el empleo privado registrado, [&hellip;]<\/p>\n","protected":false},"author":2,"featured_media":2974,"comment_status":"open","ping_status":"open","sticky":false,"template":"","format":"standard","meta":{"footnotes":""},"categories":[23,21],"tags":[],"class_list":{"0":"post-2973","1":"post","2":"type-post","3":"status-publish","4":"format-standard","5":"has-post-thumbnail","7":"category-destacados","8":"category-politica"},"aioseo_notices":[],"_links":{"self":[{"href":"https:\/\/elfaroonline.com.ar\/index.php\/wp-json\/wp\/v2\/posts\/2973","targetHints":{"allow":["GET"]}}],"collection":[{"href":"https:\/\/elfaroonline.com.ar\/index.php\/wp-json\/wp\/v2\/posts"}],"about":[{"href":"https:\/\/elfaroonline.com.ar\/index.php\/wp-json\/wp\/v2\/types\/post"}],"author":[{"embeddable":true,"href":"https:\/\/elfaroonline.com.ar\/index.php\/wp-json\/wp\/v2\/users\/2"}],"replies":[{"embeddable":true,"href":"https:\/\/elfaroonline.com.ar\/index.php\/wp-json\/wp\/v2\/comments?post=2973"}],"version-history":[{"count":1,"href":"https:\/\/elfaroonline.com.ar\/index.php\/wp-json\/wp\/v2\/posts\/2973\/revisions"}],"predecessor-version":[{"id":2975,"href":"https:\/\/elfaroonline.com.ar\/index.php\/wp-json\/wp\/v2\/posts\/2973\/revisions\/2975"}],"wp:featuredmedia":[{"embeddable":true,"href":"https:\/\/elfaroonline.com.ar\/index.php\/wp-json\/wp\/v2\/media\/2974"}],"wp:attachment":[{"href":"https:\/\/elfaroonline.com.ar\/index.php\/wp-json\/wp\/v2\/media?parent=2973"}],"wp:term":[{"taxonomy":"category","embeddable":true,"href":"https:\/\/elfaroonline.com.ar\/index.php\/wp-json\/wp\/v2\/categories?post=2973"},{"taxonomy":"post_tag","embeddable":true,"href":"https:\/\/elfaroonline.com.ar\/index.php\/wp-json\/wp\/v2\/tags?post=2973"}],"curies":[{"name":"wp","href":"https:\/\/api.w.org\/{rel}","templated":true}]}}