{"id":2979,"date":"2024-11-11T17:04:54","date_gmt":"2024-11-11T20:04:54","guid":{"rendered":"https:\/\/elfaroonline.com.ar\/?p=2979"},"modified":"2024-11-11T17:04:54","modified_gmt":"2024-11-11T20:04:54","slug":"federico-sturzenegger-aseguro-que-el-gobierno-privatizara-el-correo-argentino","status":"publish","type":"post","link":"https:\/\/elfaroonline.com.ar\/index.php\/2024\/11\/11\/federico-sturzenegger-aseguro-que-el-gobierno-privatizara-el-correo-argentino\/","title":{"rendered":"Federico Sturzenegger asegur\u00f3 que el Gobierno privatizar\u00e1 el Correo Argentino"},"content":{"rendered":"<p>El ministro de Desregulaci\u00f3n y Transformaci\u00f3n del Estado<b>, Federico Sturzenegger<\/b>, anticip\u00f3 que la intenci\u00f3n del Gobierno de <b>Javier Milei<\/b> es la privatizaci\u00f3n de la empresa <b>Correo Argentino.<\/b><\/p>\n<p>\u201cEn el caso del Correo es evidente, por ejemplo, en encomiendas tiene solo un 17% de participaci\u00f3n del mercado por lo que queda clar\u00edsimo que es una actividad que puede hacer el sector privado. Se privatizar\u00e1, o se concesionar\u00e1, o se transferir\u00e1 a los empleados, cualquiera de las formas en que pueda hacerse\u201d, dijo Sturzenegger.<\/p>\n<p>Sin embargo, en este caso, se trata de una de las compa\u00f1\u00edas que quedaron fuera de las que quedaron como \u201csujetas a privatizaci\u00f3n\u201d dentro de la <b>Ley Bases<\/b>.<\/p>\n<p class=\"paragraph\" data-mrf-recirculation=\"Links inline\">\u201cLa verdad es que en esta gesti\u00f3n ha habido un cambio bastante significativo, ha bajado de 16.000 empleados a unos 12.000, sin afectar verdaderamente la calidad del servicio que presta. Habla un poco del dislate que heredamos del Gobierno anterior. Ha dejado p\u00e9rdidas, la voluntad de esta gesti\u00f3n es avanzar en la privatizaci\u00f3n de todas las empresas p\u00fablicas\u201d, agreg\u00f3.<\/p>\n<p class=\"paragraph\" data-mrf-recirculation=\"Links inline\">El ministro explic\u00f3 que el servicio de recuento electoral seguir\u00e1 en manos de Correo Argentino, seg\u00fan consigna el decreto 1005\/2024 que oficializa la desregulaci\u00f3n completa del servicio postal.<\/p>\n<p class=\"paragraph\" data-mrf-recirculation=\"Links inline\">En cuanto a la \u00faltima medida tomada, Sturzenegger resalt\u00f3: \u201cVa a ser muy importante esto porque el comercio est\u00e1 migrando a una modalidad m\u00e1s online. Hay miles de pymes que est\u00e1n llegando directamente a sus consumidores y para eso tienen que tener una manera muy \u00e1gil de conectar su producci\u00f3n y su venta a clientes\u201d.<\/p>\n<p class=\"paragraph\" data-mrf-recirculation=\"Links inline\">El funcionario cont\u00f3 adem\u00e1s que se permitir\u00e1 a las empresas que se sumen al mercado dedicarse a la entrega de cartas documento. \u201cNosotros ampliamos las libertades, permitimos que existan negocios, o sea, sacamos al Estado del medio. Ahora el desaf\u00edo es que las empresas privadas, incluso el Correo Argentino, empiecen a desarrollar estos servicios. Es una cuesti\u00f3n del sector privado que pueda recoger el guante\u201d, mencion\u00f3.<\/p>\n<p class=\"paragraph\" data-mrf-recirculation=\"Links inline\">Seg\u00fan detallaron desde el Gobierno, el objetivo de la iniciativa es facilitar el registro de nuevas empresas y sumar competencia a un sector al que se lo defini\u00f3 sobrerregulado. Tambi\u00e9n, eliminar \u201ctodos los vestigios de predominio postal y las exclusividades otorgadas a empresas de correo estatales referidas al env\u00edo de cartas documento, de telegramas y encomiendas de hasta 50 kilos, al abrir la competencia y facilitar el acceso de otros operadores\u201d.<\/p>\n<p class=\"paragraph\" data-mrf-recirculation=\"Links inline\">A partir de ahora, para ser operador postal las personas jur\u00eddicas deber\u00e1n inscribirse ante la autoridad de aplicaci\u00f3n de manera \u201csimple, electr\u00f3nica, gratuita y declarativa\u201d. Se busca que haya m\u00e1s empresas de correos para, entre otras cosas, bajar precios y costos.<\/p>\n<p class=\"paragraph\" data-mrf-recirculation=\"Links inline\">En l\u00ednea con el decreto, los principales objetivos de esta decisi\u00f3n son \u201cfomentar la transparencia, simplificaci\u00f3n, digitalizaci\u00f3n y mayor seguridad del servicio\u201d. La reforma, que se trabaj\u00f3 en forma conjunta entre el Ministerio de Desregulaci\u00f3n y Transformaci\u00f3n del Estado y la Secretar\u00eda de Innovaci\u00f3n, Ciencia y Tecnolog\u00eda, incluye modificaciones de decretos anteriores y derogaciones de resoluciones de la Comisi\u00f3n Nacional de Correos y Tel\u00e9grafos, de la Comisi\u00f3n Nacional de Comunicaciones y de la Secretar\u00eda de Innovaci\u00f3n P\u00fablica.<\/p>\n","protected":false},"excerpt":{"rendered":"<p>El ministro de Desregulaci\u00f3n y Transformaci\u00f3n del Estado, Federico Sturzenegger, anticip\u00f3 que la intenci\u00f3n del Gobierno de Javier Milei es la privatizaci\u00f3n de la empresa Correo Argentino. \u201cEn el caso del Correo es evidente, por ejemplo, en encomiendas tiene solo un 17% de participaci\u00f3n del mercado por lo que queda clar\u00edsimo que es una actividad [&hellip;]<\/p>\n","protected":false},"author":2,"featured_media":2980,"comment_status":"open","ping_status":"open","sticky":false,"template":"","format":"standard","meta":{"footnotes":""},"categories":[22,21],"tags":[],"class_list":{"0":"post-2979","1":"post","2":"type-post","3":"status-publish","4":"format-standard","5":"has-post-thumbnail","7":"category-nacionales","8":"category-politica"},"aioseo_notices":[],"_links":{"self":[{"href":"https:\/\/elfaroonline.com.ar\/index.php\/wp-json\/wp\/v2\/posts\/2979","targetHints":{"allow":["GET"]}}],"collection":[{"href":"https:\/\/elfaroonline.com.ar\/index.php\/wp-json\/wp\/v2\/posts"}],"about":[{"href":"https:\/\/elfaroonline.com.ar\/index.php\/wp-json\/wp\/v2\/types\/post"}],"author":[{"embeddable":true,"href":"https:\/\/elfaroonline.com.ar\/index.php\/wp-json\/wp\/v2\/users\/2"}],"replies":[{"embeddable":true,"href":"https:\/\/elfaroonline.com.ar\/index.php\/wp-json\/wp\/v2\/comments?post=2979"}],"version-history":[{"count":1,"href":"https:\/\/elfaroonline.com.ar\/index.php\/wp-json\/wp\/v2\/posts\/2979\/revisions"}],"predecessor-version":[{"id":2981,"href":"https:\/\/elfaroonline.com.ar\/index.php\/wp-json\/wp\/v2\/posts\/2979\/revisions\/2981"}],"wp:featuredmedia":[{"embeddable":true,"href":"https:\/\/elfaroonline.com.ar\/index.php\/wp-json\/wp\/v2\/media\/2980"}],"wp:attachment":[{"href":"https:\/\/elfaroonline.com.ar\/index.php\/wp-json\/wp\/v2\/media?parent=2979"}],"wp:term":[{"taxonomy":"category","embeddable":true,"href":"https:\/\/elfaroonline.com.ar\/index.php\/wp-json\/wp\/v2\/categories?post=2979"},{"taxonomy":"post_tag","embeddable":true,"href":"https:\/\/elfaroonline.com.ar\/index.php\/wp-json\/wp\/v2\/tags?post=2979"}],"curies":[{"name":"wp","href":"https:\/\/api.w.org\/{rel}","templated":true}]}}