{"id":298,"date":"2024-04-20T10:52:52","date_gmt":"2024-04-20T13:52:52","guid":{"rendered":"https:\/\/elfaroonline.com.ar\/?p=298"},"modified":"2024-04-20T10:52:52","modified_gmt":"2024-04-20T13:52:52","slug":"ratifican-las-medidas-de-fuerza-para-el-23-de-abril-en-la-unca","status":"publish","type":"post","link":"https:\/\/elfaroonline.com.ar\/index.php\/2024\/04\/20\/ratifican-las-medidas-de-fuerza-para-el-23-de-abril-en-la-unca\/","title":{"rendered":"Ratifican las medidas de fuerza para el 23 de abril en la UNCA"},"content":{"rendered":"<p class=\"v1MsoNormal\"><span lang=\"ES-TRAD\">Ante la propuesta que hizo p\u00fablica el Gobierno nacional a trav\u00e9s de los medios de comunicaci\u00f3n sobre nuevas medidas de la Secretar\u00eda de Educaci\u00f3n, el Consejo Interuniversitario Nacional (CIN) ratific\u00f3 la movilizaci\u00f3n dispuesta para el martes 23 de abril pr\u00f3ximo, medida a la que adhiere la UNCA.<\/span><\/p>\n<p class=\"v1MsoNormal\"><span lang=\"ES-TRAD\">\u00a0<\/span><\/p>\n<p class=\"v1MsoNormal\"><span lang=\"ES-TRAD\">En este sentido, el ente nacional destac\u00f3 los siguientes puntos:<\/span><\/p>\n<p class=\"v1MsoNormal\"><span lang=\"ES-TRAD\">\u00a0<\/span><\/p>\n<p class=\"v1MsoNormal\"><span lang=\"ES-TRAD\">*1 No se trata de un acuerdo sino de un anuncio del gobierno.<\/span><\/p>\n<p class=\"v1MsoNormal\"><span lang=\"ES-TRAD\">\u00a0<\/span><\/p>\n<p class=\"v1MsoNormal\"><span lang=\"ES-TRAD\">*2 Sostenemos el planteo de incrementos necesarios para gastos de funcionamiento de becas estudiantiles, actualizaci\u00f3n de salarios docentes y nodocentes y reactivaci\u00f3n de las pol\u00edticas de ciencia, investigaci\u00f3n y extensi\u00f3n y el financiamiento de obras.<\/span><\/p>\n<p class=\"v1MsoNormal\"><span lang=\"ES-TRAD\">\u00a0<\/span><\/p>\n<p class=\"v1MsoNormal\"><span lang=\"ES-TRAD\">*3 La marcha convocada para el 23 abril, a la que convoca y adhiere el CIN, se realizar\u00e1 como estaba prevista, pues es una actividad de vital importancia para visibilizar la situaci\u00f3n que atraviesa el sistema universitario y cient\u00edfico nacional.<\/span><\/p>\n<p class=\"v1MsoNormal\"><span lang=\"ES-TRAD\">\u00a0<\/span><\/p>\n<p class=\"v1MsoNormal\"><span lang=\"ES-TRAD\">*4 Entendemos que el di\u00e1logo es, sin dudas, el camino para lograr acuerdos\u00a0 duraderos que den la previsibilidad que el sistema universitario y cient\u00edfico necesita en materia presupuestaria.<\/span><\/p>\n<p class=\"v1MsoNormal\"><span lang=\"ES-TRAD\">\u00a0<\/span><\/p>\n<p class=\"v1MsoNormal\"><span lang=\"ES-TRAD\">*5 Valoramos que se reconozca parte de lo que venimos reclamando, sustancial e ineludible, para el normal funcionamiento de nuestras instituciones.<\/span><\/p>\n<p class=\"v1MsoNormal\"><span lang=\"ES-TRAD\">\u00a0<\/span><\/p>\n<p class=\"v1MsoNormal\"><span lang=\"ES-TRAD\">*6 Quedamos a la espera de la invitaci\u00f3n en la que se nos comparta, formalmente, la medida, a la que asistir\u00e1 el Comit\u00e9 Ejecutivo del CIN.<\/span><\/p>\n","protected":false},"excerpt":{"rendered":"<p>Ante la propuesta que hizo p\u00fablica el Gobierno nacional a trav\u00e9s de los medios de comunicaci\u00f3n sobre nuevas medidas de la Secretar\u00eda de Educaci\u00f3n, el Consejo Interuniversitario Nacional (CIN) ratific\u00f3 la movilizaci\u00f3n dispuesta para el martes 23 de abril pr\u00f3ximo, medida a la que adhiere la UNCA. \u00a0 En este sentido, el ente nacional destac\u00f3 [&hellip;]<\/p>\n","protected":false},"author":2,"featured_media":299,"comment_status":"open","ping_status":"open","sticky":false,"template":"","format":"standard","meta":{"footnotes":""},"categories":[20],"tags":[],"class_list":{"0":"post-298","1":"post","2":"type-post","3":"status-publish","4":"format-standard","5":"has-post-thumbnail","7":"category-sociedad"},"aioseo_notices":[],"_links":{"self":[{"href":"https:\/\/elfaroonline.com.ar\/index.php\/wp-json\/wp\/v2\/posts\/298","targetHints":{"allow":["GET"]}}],"collection":[{"href":"https:\/\/elfaroonline.com.ar\/index.php\/wp-json\/wp\/v2\/posts"}],"about":[{"href":"https:\/\/elfaroonline.com.ar\/index.php\/wp-json\/wp\/v2\/types\/post"}],"author":[{"embeddable":true,"href":"https:\/\/elfaroonline.com.ar\/index.php\/wp-json\/wp\/v2\/users\/2"}],"replies":[{"embeddable":true,"href":"https:\/\/elfaroonline.com.ar\/index.php\/wp-json\/wp\/v2\/comments?post=298"}],"version-history":[{"count":1,"href":"https:\/\/elfaroonline.com.ar\/index.php\/wp-json\/wp\/v2\/posts\/298\/revisions"}],"predecessor-version":[{"id":300,"href":"https:\/\/elfaroonline.com.ar\/index.php\/wp-json\/wp\/v2\/posts\/298\/revisions\/300"}],"wp:featuredmedia":[{"embeddable":true,"href":"https:\/\/elfaroonline.com.ar\/index.php\/wp-json\/wp\/v2\/media\/299"}],"wp:attachment":[{"href":"https:\/\/elfaroonline.com.ar\/index.php\/wp-json\/wp\/v2\/media?parent=298"}],"wp:term":[{"taxonomy":"category","embeddable":true,"href":"https:\/\/elfaroonline.com.ar\/index.php\/wp-json\/wp\/v2\/categories?post=298"},{"taxonomy":"post_tag","embeddable":true,"href":"https:\/\/elfaroonline.com.ar\/index.php\/wp-json\/wp\/v2\/tags?post=298"}],"curies":[{"name":"wp","href":"https:\/\/api.w.org\/{rel}","templated":true}]}}