{"id":2998,"date":"2024-11-11T20:21:10","date_gmt":"2024-11-11T23:21:10","guid":{"rendered":"https:\/\/elfaroonline.com.ar\/?p=2998"},"modified":"2024-11-11T20:21:10","modified_gmt":"2024-11-11T23:21:10","slug":"un-hombre-fue-aprehendido-en-la-capital-y-policias-recuperaron-varillas-de-hierro-sustraidas","status":"publish","type":"post","link":"https:\/\/elfaroonline.com.ar\/index.php\/2024\/11\/11\/un-hombre-fue-aprehendido-en-la-capital-y-policias-recuperaron-varillas-de-hierro-sustraidas\/","title":{"rendered":"Un hombre fue aprehendido en la Capital y Polic\u00edas recuperaron varillas de hierro sustra\u00eddas"},"content":{"rendered":"<p class=\"v1MsoNormal\">En los primeros minutos de hoy, a las <b>00:25<\/b>, por requerimiento del <b>SAE-911,<\/b> personal de la <b>Seccional Tercera<\/b> se constituy\u00f3 en la calle Amanao al 300, del barrio San Marcos, y dialog\u00f3 con una persona del sexo, masculino mayor de edad, quien coment\u00f3 que momentos antes, desconocidos habr\u00edan ingresado a su vivienda y le sustrajeron varillas de hierro, para luego darse a la fuga.<\/p>\n<p class=\"v1MsoNormal\">Tras averiguaciones practicadas, los uniformados llegaron hasta un domicilio del barrio Santa Luc\u00eda Sur, donde aprehendieron a uno de los presuntos autores del il\u00edcito, un hombre de apellido <b>Barrionuevo (33),<\/b> como as\u00ed tambi\u00e9n lograron recuperar lo sustra\u00eddo, por lo que finalmente el sujeto fue trasladado y alojado en la dependencia policial a disposici\u00f3n de la Fiscal\u00eda de Instrucci\u00f3n en turno del Distrito Este, y se invit\u00f3 al damnificado a denunciar el hecho en el Precinto Judicial N<span lang=\"EN-US\">\u00b0<\/span>3.<\/p>\n","protected":false},"excerpt":{"rendered":"<p>En los primeros minutos de hoy, a las 00:25, por requerimiento del SAE-911, personal de la Seccional Tercera se constituy\u00f3 en la calle Amanao al 300, del barrio San Marcos, y dialog\u00f3 con una persona del sexo, masculino mayor de edad, quien coment\u00f3 que momentos antes, desconocidos habr\u00edan ingresado a su vivienda y le sustrajeron [&hellip;]<\/p>\n","protected":false},"author":2,"featured_media":2999,"comment_status":"open","ping_status":"open","sticky":false,"template":"","format":"standard","meta":{"footnotes":""},"categories":[27],"tags":[],"class_list":{"0":"post-2998","1":"post","2":"type-post","3":"status-publish","4":"format-standard","5":"has-post-thumbnail","7":"category-policiales"},"aioseo_notices":[],"_links":{"self":[{"href":"https:\/\/elfaroonline.com.ar\/index.php\/wp-json\/wp\/v2\/posts\/2998","targetHints":{"allow":["GET"]}}],"collection":[{"href":"https:\/\/elfaroonline.com.ar\/index.php\/wp-json\/wp\/v2\/posts"}],"about":[{"href":"https:\/\/elfaroonline.com.ar\/index.php\/wp-json\/wp\/v2\/types\/post"}],"author":[{"embeddable":true,"href":"https:\/\/elfaroonline.com.ar\/index.php\/wp-json\/wp\/v2\/users\/2"}],"replies":[{"embeddable":true,"href":"https:\/\/elfaroonline.com.ar\/index.php\/wp-json\/wp\/v2\/comments?post=2998"}],"version-history":[{"count":1,"href":"https:\/\/elfaroonline.com.ar\/index.php\/wp-json\/wp\/v2\/posts\/2998\/revisions"}],"predecessor-version":[{"id":3000,"href":"https:\/\/elfaroonline.com.ar\/index.php\/wp-json\/wp\/v2\/posts\/2998\/revisions\/3000"}],"wp:featuredmedia":[{"embeddable":true,"href":"https:\/\/elfaroonline.com.ar\/index.php\/wp-json\/wp\/v2\/media\/2999"}],"wp:attachment":[{"href":"https:\/\/elfaroonline.com.ar\/index.php\/wp-json\/wp\/v2\/media?parent=2998"}],"wp:term":[{"taxonomy":"category","embeddable":true,"href":"https:\/\/elfaroonline.com.ar\/index.php\/wp-json\/wp\/v2\/categories?post=2998"},{"taxonomy":"post_tag","embeddable":true,"href":"https:\/\/elfaroonline.com.ar\/index.php\/wp-json\/wp\/v2\/tags?post=2998"}],"curies":[{"name":"wp","href":"https:\/\/api.w.org\/{rel}","templated":true}]}}