{"id":3001,"date":"2024-11-11T20:24:10","date_gmt":"2024-11-11T23:24:10","guid":{"rendered":"https:\/\/elfaroonline.com.ar\/?p=3001"},"modified":"2024-11-11T20:24:10","modified_gmt":"2024-11-11T23:24:10","slug":"usuarios-de-transporte-publico-podran-denunciar-problemas-en-el-servicio-de-manera-online","status":"publish","type":"post","link":"https:\/\/elfaroonline.com.ar\/index.php\/2024\/11\/11\/usuarios-de-transporte-publico-podran-denunciar-problemas-en-el-servicio-de-manera-online\/","title":{"rendered":"Usuarios de transporte p\u00fablico podr\u00e1n denunciar problemas en el servicio de manera online"},"content":{"rendered":"<p>Con el objetivo de mejorar la calidad y seguridad en el transporte p\u00fablico, el Ministerio de Integraci\u00f3n Regional, Log\u00edstica y Transporte de Catamarca est\u00e1 implementado un sistema de denuncias para los usuarios.<br \/>\nA partir de ahora, quienes experimenten problemas de higiene, maltrato por parte del personal o dificultades de accesibilidad, podr\u00e1n presentar sus reclamos a trav\u00e9s de la plataforma Tr\u00e1mites a Distancia (TAD).<br \/>\nEsta nueva herramienta permite que los usuarios, sin necesidad de desplazarse, puedan ingresar a tad.catamarca.gob.ar, completar sus datos y formular su denuncia de forma digital. El sistema TAD facilita el proceso y garantiza que las denuncias lleguen a la Secretar\u00eda de Transporte, promoviendo un transporte p\u00fablico m\u00e1s seguro y en condiciones para toda la comunidad.<br \/>\nSe invita a los usuarios del transporte p\u00fablico a utilizar este nuevo sistema, y recuerda que el compromiso y la participaci\u00f3n de cada uno es importante para mejorar el servicio.<\/p>\n","protected":false},"excerpt":{"rendered":"<p>Con el objetivo de mejorar la calidad y seguridad en el transporte p\u00fablico, el Ministerio de Integraci\u00f3n Regional, Log\u00edstica y Transporte de Catamarca est\u00e1 implementado un sistema de denuncias para los usuarios. A partir de ahora, quienes experimenten problemas de higiene, maltrato por parte del personal o dificultades de accesibilidad, podr\u00e1n presentar sus reclamos a [&hellip;]<\/p>\n","protected":false},"author":2,"featured_media":3002,"comment_status":"open","ping_status":"open","sticky":false,"template":"","format":"standard","meta":{"footnotes":""},"categories":[27],"tags":[],"class_list":{"0":"post-3001","1":"post","2":"type-post","3":"status-publish","4":"format-standard","5":"has-post-thumbnail","7":"category-policiales"},"aioseo_notices":[],"_links":{"self":[{"href":"https:\/\/elfaroonline.com.ar\/index.php\/wp-json\/wp\/v2\/posts\/3001","targetHints":{"allow":["GET"]}}],"collection":[{"href":"https:\/\/elfaroonline.com.ar\/index.php\/wp-json\/wp\/v2\/posts"}],"about":[{"href":"https:\/\/elfaroonline.com.ar\/index.php\/wp-json\/wp\/v2\/types\/post"}],"author":[{"embeddable":true,"href":"https:\/\/elfaroonline.com.ar\/index.php\/wp-json\/wp\/v2\/users\/2"}],"replies":[{"embeddable":true,"href":"https:\/\/elfaroonline.com.ar\/index.php\/wp-json\/wp\/v2\/comments?post=3001"}],"version-history":[{"count":1,"href":"https:\/\/elfaroonline.com.ar\/index.php\/wp-json\/wp\/v2\/posts\/3001\/revisions"}],"predecessor-version":[{"id":3003,"href":"https:\/\/elfaroonline.com.ar\/index.php\/wp-json\/wp\/v2\/posts\/3001\/revisions\/3003"}],"wp:featuredmedia":[{"embeddable":true,"href":"https:\/\/elfaroonline.com.ar\/index.php\/wp-json\/wp\/v2\/media\/3002"}],"wp:attachment":[{"href":"https:\/\/elfaroonline.com.ar\/index.php\/wp-json\/wp\/v2\/media?parent=3001"}],"wp:term":[{"taxonomy":"category","embeddable":true,"href":"https:\/\/elfaroonline.com.ar\/index.php\/wp-json\/wp\/v2\/categories?post=3001"},{"taxonomy":"post_tag","embeddable":true,"href":"https:\/\/elfaroonline.com.ar\/index.php\/wp-json\/wp\/v2\/tags?post=3001"}],"curies":[{"name":"wp","href":"https:\/\/api.w.org\/{rel}","templated":true}]}}