{"id":3008,"date":"2024-11-13T18:52:25","date_gmt":"2024-11-13T21:52:25","guid":{"rendered":"https:\/\/elfaroonline.com.ar\/?p=3008"},"modified":"2024-11-13T18:52:25","modified_gmt":"2024-11-13T21:52:25","slug":"acondicionan-mas-de-28-kilos-de-cocaina-en-los-paneles-laterales-de-un-auto","status":"publish","type":"post","link":"https:\/\/elfaroonline.com.ar\/index.php\/2024\/11\/13\/acondicionan-mas-de-28-kilos-de-cocaina-en-los-paneles-laterales-de-un-auto\/","title":{"rendered":"Acondicionan m\u00e1s de 28 kilos de coca\u00edna en los paneles laterales de un auto"},"content":{"rendered":"<p class=\"v1MsoNormal\"><i><span lang=\"ES-MX\">Tras interceptar el rodado y realizar la inspecci\u00f3n correspondiente, los gendarmes constataron que los pl\u00e1sticos del interior del veh\u00edculo hab\u00edan sido removidos y al retirarlos detectaron 27 paquetes con la droga.<\/span><\/i><\/p>\n<p class=\"v1MsoNormal\"><i><span lang=\"ES-MX\">Un hombre y una mujer mayores de edad, quienes viajaban con itinerario Tucum\u00e1n &#8211; C\u00f3rdoba, quedaron detenidos.<\/span><\/i><\/p>\n<p class=\"v1MsoNormal\"><span lang=\"ES-MX\">\u00a0<\/span><\/p>\n<p class=\"v1MsoNormal\"><span lang=\"ES-MX\">\u00a0<\/span><\/p>\n<p class=\"v1MsoNormal\"><span lang=\"ES-MX\">\u00a0<\/span><\/p>\n<p class=\"v1MsoNormal\"><span lang=\"ES-MX\">\u00a0<\/span><\/p>\n<p class=\"v1MsoNormal\"><b><span lang=\"ES-MX\">Gendarmes<\/span><\/b><span lang=\"ES-MX\">\u00a0de la\u00a0<b>Patrulla Fija &#8220;Las Salinas&#8221;<\/b>\u00a0del\u00a0<b>Escuadr\u00f3n N\u00facleo &#8220;Catamarca&#8221;<\/b>, al momento de llevar a cabo controles de prevenci\u00f3n a la altura del kil\u00f3metro 940 de la Ruta Nacional N\u00ba 60, inspeccionaron un veh\u00edculo Volkswagen Fox, que circulaba desde la ciudad de San Miguel de Tucum\u00e1n con destino final a la provincia de C\u00f3rdoba.<\/span><\/p>\n<p class=\"v1MsoNormal\"><span lang=\"ES-MX\">\u00a0<\/span><\/p>\n<p class=\"v1MsoNormal\"><span lang=\"ES-MX\">Al efectuar el registro del rodado, los\u00a0<b>efectivos<\/b>\u00a0divisaron que los pl\u00e1sticos del interior de las puertas ten\u00edan indicios de haber sido removidos, por lo que solicitaron al conductor y a su acompa\u00f1ante que descendieran del auto para profundizar el control.<\/span><\/p>\n<p class=\"v1MsoNormal\"><span lang=\"ES-MX\">\u00a0<\/span><\/p>\n<p class=\"v1MsoNormal\"><span lang=\"ES-MX\">Con autorizaci\u00f3n del Juzgado Federal N\u00b0 1 de Catamarca y en presencia de testigos, los\u00a0<b>funcionarios<\/b>\u00a0extrajeron de ambos paneles <b>27 paquetes rectangulares<\/b>\u00a0envueltos en film, conteniendo sustancia blanca. Los cuales fueron sometidos al ensayo para orientaci\u00f3n de droga (EPOD), que arroj\u00f3 resultado positivo para\u00a0<b>coca\u00edna<\/b>, con un peso total de\u00a0<b>28 kilos 563 gramos<\/b>.<\/span><\/p>\n<p class=\"v1MsoNormal\"><span lang=\"ES-MX\">\u00a0<\/span><\/p>\n<p class=\"v1MsoNormal\"><span lang=\"ES-MX\">El Magistrado y la Fiscal\u00eda interviniente dispusieron el labrado de las actuaciones como as\u00ed tambi\u00e9n el decomiso del estupefaciente y el autom\u00f3vil. Asimismo, autorizaron la detenci\u00f3n de la pareja en infracci\u00f3n a la Ley 23.737.<\/span><\/p>\n","protected":false},"excerpt":{"rendered":"<p>Tras interceptar el rodado y realizar la inspecci\u00f3n correspondiente, los gendarmes constataron que los pl\u00e1sticos del interior del veh\u00edculo hab\u00edan sido removidos y al retirarlos detectaron 27 paquetes con la droga. Un hombre y una mujer mayores de edad, quienes viajaban con itinerario Tucum\u00e1n &#8211; C\u00f3rdoba, quedaron detenidos. \u00a0 \u00a0 \u00a0 \u00a0 Gendarmes\u00a0de la\u00a0Patrulla Fija [&hellip;]<\/p>\n","protected":false},"author":2,"featured_media":3009,"comment_status":"open","ping_status":"open","sticky":false,"template":"","format":"standard","meta":{"footnotes":""},"categories":[27],"tags":[],"class_list":{"0":"post-3008","1":"post","2":"type-post","3":"status-publish","4":"format-standard","5":"has-post-thumbnail","7":"category-policiales"},"aioseo_notices":[],"_links":{"self":[{"href":"https:\/\/elfaroonline.com.ar\/index.php\/wp-json\/wp\/v2\/posts\/3008","targetHints":{"allow":["GET"]}}],"collection":[{"href":"https:\/\/elfaroonline.com.ar\/index.php\/wp-json\/wp\/v2\/posts"}],"about":[{"href":"https:\/\/elfaroonline.com.ar\/index.php\/wp-json\/wp\/v2\/types\/post"}],"author":[{"embeddable":true,"href":"https:\/\/elfaroonline.com.ar\/index.php\/wp-json\/wp\/v2\/users\/2"}],"replies":[{"embeddable":true,"href":"https:\/\/elfaroonline.com.ar\/index.php\/wp-json\/wp\/v2\/comments?post=3008"}],"version-history":[{"count":1,"href":"https:\/\/elfaroonline.com.ar\/index.php\/wp-json\/wp\/v2\/posts\/3008\/revisions"}],"predecessor-version":[{"id":3010,"href":"https:\/\/elfaroonline.com.ar\/index.php\/wp-json\/wp\/v2\/posts\/3008\/revisions\/3010"}],"wp:featuredmedia":[{"embeddable":true,"href":"https:\/\/elfaroonline.com.ar\/index.php\/wp-json\/wp\/v2\/media\/3009"}],"wp:attachment":[{"href":"https:\/\/elfaroonline.com.ar\/index.php\/wp-json\/wp\/v2\/media?parent=3008"}],"wp:term":[{"taxonomy":"category","embeddable":true,"href":"https:\/\/elfaroonline.com.ar\/index.php\/wp-json\/wp\/v2\/categories?post=3008"},{"taxonomy":"post_tag","embeddable":true,"href":"https:\/\/elfaroonline.com.ar\/index.php\/wp-json\/wp\/v2\/tags?post=3008"}],"curies":[{"name":"wp","href":"https:\/\/api.w.org\/{rel}","templated":true}]}}