{"id":301,"date":"2024-04-20T10:58:09","date_gmt":"2024-04-20T13:58:09","guid":{"rendered":"https:\/\/elfaroonline.com.ar\/?p=301"},"modified":"2024-04-20T10:58:09","modified_gmt":"2024-04-20T13:58:09","slug":"se-llevo-adelante-el-primer-plenario-2024-del-parlamento-del-norte-grande","status":"publish","type":"post","link":"https:\/\/elfaroonline.com.ar\/index.php\/2024\/04\/20\/se-llevo-adelante-el-primer-plenario-2024-del-parlamento-del-norte-grande\/","title":{"rendered":"Se llev\u00f3 adelante el primer plenario 2024 del Parlamento del Norte Grande"},"content":{"rendered":"<p class=\"v1MsoNormal\">El vicegobernador Rub\u00e9n Dusso particip\u00f3 en La Rioja del 50\u00b0 Plenario del Parlamento del Norte Grande, y primer plenario del cuerpo en 2024, donde junto a sus pares, as\u00ed como a 120 legisladores de las 10 provincias del NOA y NEA; secretarios parlamentarios y autoridades de las legislaturas, se reunieron para trabajar bajo la consigna &#8220;Federalismo en Acci\u00f3n por una Argentina Unida&#8221;, buscando analizar y debatir pol\u00edticas de integraci\u00f3n, crecimiento y desarrollo priorizando el di\u00e1logo para avanzar hacia la erradicaci\u00f3n de asimetr\u00edas en el pa\u00eds frente a la situaci\u00f3n social, econ\u00f3mica y pol\u00edtica que atraviesa la Argentina.<\/p>\n<p class=\"v1MsoNormal\">\n<p class=\"v1MsoNormal\">Estuvieron presentes, junto a los representantes catamarque\u00f1os y a los legisladores de las provincias participantes; el presidente del cuerpo y vicegobernador de la provincia de Santiago del Estero, Carlos Silva Neder; junto a las vicegobernadoras y vicegobernadores; de Formosa y autoridades legislativas; la anfitriona riojana, Teresita Madera, y de sus pares; de Formosa, Eber Wilson Sol\u00eds (Vicepresidente 1\u00b0); de Corrientes, Pedro Cassani, presidente de la C\u00e1mara de Diputados y Henri Fick, vicepresidente 1\u00b0 de la C\u00e1mara de Senadores; de Tucum\u00e1n, Miguel \u00c1ngel Acevedo; de Jujuy, Adolfo Tejerina, vicepresidente de la C\u00e1mara de Diputados; de Salta, Esteban Amat, presidente de la C\u00e1mara de Diputados; de Chaco, Silvana Schneider; y de Misiones, Oscar Herrera Ahuad, presidente de la C\u00e1mara de Representantes.<\/p>\n<p class=\"v1MsoNormal\">\n<p class=\"v1MsoNormal\">Organizada en la jornada del jueves por la mesa ejecutiva, previo al plenario del Parlamento, la agenda de asuntos a tratar abarc\u00f3 tem\u00e1ticas comunes a las 10 provincias, como las subas de las tarifas el\u00e9ctrica, de gas y agua, o el incremento del boleto en el transporte p\u00fablico como consecuencia del retiro del subsidio por parte del gobierno nacional. Asimismo, se abord\u00f3 y se incluy\u00f3 en el temario, el grave problema que padecen las econom\u00edas regionales, como el ma\u00edz, afectado por la plaga de la chicharrita, as\u00ed como la problem\u00e1tica de las universidades nacionales con asiento en cada una de las provincias del NOA y NEA, frente al recorte presupuestario y el incremento de las tarifas de los tres servicios.<\/p>\n<p class=\"v1MsoNormal\">\n<p class=\"v1MsoNormal\">El cuerpo de parlamentarias y parlamentarios catamarque\u00f1os presentes en el plenario, junto al secretario Parlamentario de Senado, Franco Dr\u00e9, se compuso de los senadores y senadoras: F\u00e9lix Jerez, Soledad Blas, Jos\u00e9 Misael Alan\u00eds Andrada y P\u00edo Carletta; y los diputados y diputadas: Claudia Palladino, Gustavo Aguirre, M\u00f3nica Zalazar, Armando L\u00f3pez Rodr\u00edguez y Cristina G\u00f3mez.<\/p>\n<p class=\"v1MsoNormal\">\n<p class=\"v1MsoNormal\">La senadora Blas, como miembro de la comisi\u00f3n de Recursos Naturales, Miner\u00eda y Medio ambiente; hizo uso de la palabra durante el plenario para expresar: &#8220;Es nuestro deber proteger nuestra riqueza, generar energ\u00eda para seguir abasteciendo a cada una de nuestras provincias, siempre con una mirada ambiental, protegiendo los intereses de nuestros pobladores, entendiendo que nuestros suelos siempre le pertenecen a alguien y siempre buscando y tratando de llevar la informaci\u00f3n necesaria para que todos conozcan, respeten y cuiden esta actividad tan importante para todo nuestro pa\u00eds. La licencia social es algo de que no tenemos que perder de vista, con informaci\u00f3n y con mucho di\u00e1logo s\u00e9 que vamos a seguir trabajando. Particularmente en la provincia de Catamarca estamos bastante avanzados en lo que significa legislaci\u00f3n minera, al trabajo de las distintas legislaciones y pol\u00edticas de Estado tendientes a mejorar la actividad y la pr\u00e1ctica minera en las provincias. Invitamos a todas las provincias a seguir trabajando en conjunto, a compartir experiencia y los malos recuerdos del pasado que no se repitan en la actualidad. La miner\u00eda es el futuro, tenemos que trabajar por ello y, sobre todo, entender como provincias que conformamos el Norte Grande, que tenemos una de las riquezas m\u00e1s importantes de todo el pa\u00eds y para ello tenemos que estar a la altura de las circunstancias&#8221;.<\/p>\n<p class=\"v1MsoNormal\">\n<p class=\"v1MsoNormal\"><b>Jornada de la Mesa Ejecutiva<\/b><\/p>\n<p class=\"v1MsoNormal\">\n<p class=\"v1MsoNormal\">Asimismo se elabor\u00f3 y aprob\u00f3 un documento que expresa: &#8220;Este Parlamento del Norte Grande atento a las situaciones generadas a nivel internacional por conflictos b\u00e9licos de gran envergadura que ponen en peligro la paz de la humanidad, manifiesta su extrema preocupaci\u00f3n debido a que la escalada de los conflictos que acarrear\u00eda la p\u00e9rdida de la paz en el mundo entero&#8221;, instando en dicho documento, &#8220;a los l\u00edderes de todos los pa\u00edses a realizar los esfuerzos necesarios para erradicar los conflictos que generan violencia y muerte&#8221;. &#8220;Compartimos y reafirmamos el mensaje del Papa Francisco &#8220;no m\u00e1s guerra, no m\u00e1s atentados, no m\u00e1s violencia, si al di\u00e1logo y si a la paz y nos comprometemos a cumplir con el cometido encomendado por su Santidad&#8221;, concluye el escrito.<\/p>\n","protected":false},"excerpt":{"rendered":"<p>El vicegobernador Rub\u00e9n Dusso particip\u00f3 en La Rioja del 50\u00b0 Plenario del Parlamento del Norte Grande, y primer plenario del cuerpo en 2024, donde junto a sus pares, as\u00ed como a 120 legisladores de las 10 provincias del NOA y NEA; secretarios parlamentarios y autoridades de las legislaturas, se reunieron para trabajar bajo la consigna [&hellip;]<\/p>\n","protected":false},"author":2,"featured_media":302,"comment_status":"open","ping_status":"open","sticky":false,"template":"","format":"standard","meta":{"footnotes":""},"categories":[21],"tags":[],"class_list":{"0":"post-301","1":"post","2":"type-post","3":"status-publish","4":"format-standard","5":"has-post-thumbnail","7":"category-politica"},"aioseo_notices":[],"_links":{"self":[{"href":"https:\/\/elfaroonline.com.ar\/index.php\/wp-json\/wp\/v2\/posts\/301","targetHints":{"allow":["GET"]}}],"collection":[{"href":"https:\/\/elfaroonline.com.ar\/index.php\/wp-json\/wp\/v2\/posts"}],"about":[{"href":"https:\/\/elfaroonline.com.ar\/index.php\/wp-json\/wp\/v2\/types\/post"}],"author":[{"embeddable":true,"href":"https:\/\/elfaroonline.com.ar\/index.php\/wp-json\/wp\/v2\/users\/2"}],"replies":[{"embeddable":true,"href":"https:\/\/elfaroonline.com.ar\/index.php\/wp-json\/wp\/v2\/comments?post=301"}],"version-history":[{"count":1,"href":"https:\/\/elfaroonline.com.ar\/index.php\/wp-json\/wp\/v2\/posts\/301\/revisions"}],"predecessor-version":[{"id":303,"href":"https:\/\/elfaroonline.com.ar\/index.php\/wp-json\/wp\/v2\/posts\/301\/revisions\/303"}],"wp:featuredmedia":[{"embeddable":true,"href":"https:\/\/elfaroonline.com.ar\/index.php\/wp-json\/wp\/v2\/media\/302"}],"wp:attachment":[{"href":"https:\/\/elfaroonline.com.ar\/index.php\/wp-json\/wp\/v2\/media?parent=301"}],"wp:term":[{"taxonomy":"category","embeddable":true,"href":"https:\/\/elfaroonline.com.ar\/index.php\/wp-json\/wp\/v2\/categories?post=301"},{"taxonomy":"post_tag","embeddable":true,"href":"https:\/\/elfaroonline.com.ar\/index.php\/wp-json\/wp\/v2\/tags?post=301"}],"curies":[{"name":"wp","href":"https:\/\/api.w.org\/{rel}","templated":true}]}}