{"id":3011,"date":"2024-11-13T18:55:38","date_gmt":"2024-11-13T21:55:38","guid":{"rendered":"https:\/\/elfaroonline.com.ar\/?p=3011"},"modified":"2024-11-13T18:55:38","modified_gmt":"2024-11-13T21:55:38","slug":"nuevo-aumento-para-empleados-publicos-mes-a-mes-se-garantiza-que-los-trabajadores-mantengan-su-poder-adquisitivo","status":"publish","type":"post","link":"https:\/\/elfaroonline.com.ar\/index.php\/2024\/11\/13\/nuevo-aumento-para-empleados-publicos-mes-a-mes-se-garantiza-que-los-trabajadores-mantengan-su-poder-adquisitivo\/","title":{"rendered":"Nuevo aumento para empleados p\u00fablicos: &#8220;Mes a mes se garantiza que los trabajadores mantengan su poder adquisitivo&#8221;"},"content":{"rendered":"<p class=\"v1MsoNormal\">El Gobierno provincial estableci\u00f3 un incremento mensual en los salarios de los empleados p\u00fablicos del 2,7% para noviembre, en sinton\u00eda con el \u00edndice de inflaci\u00f3n que se dio a conocer ayer, sum\u00e1ndose a la suba del 4% aplicada en octubre.<\/p>\n<p class=\"v1MsoNormal\">La decisi\u00f3n de la actualizaci\u00f3n mensual de los salarios se adopt\u00f3 tras la reuni\u00f3n del pasado 22 de octubre, en la que participaron el gobernador Ra\u00fal Jalil, la ministra de Trabajo, Planificaci\u00f3n y Recursos Humanos, Ver\u00f3nica Soria, y representantes de gremios estatales como UPCN, ATE, ATSA y Vialidad Provincial.<\/p>\n<p class=\"v1MsoNormal\">En dicho encuentro, se defini\u00f3 un esquema de actualizaci\u00f3n salarial mensual en reemplazo del bimestral previo, con el objetivo de responder con mayor agilidad a las variaciones de precios y asegurar que los ingresos reflejen mensualmente el comportamiento inflacionario.<\/p>\n<p class=\"v1MsoNormal\">En tal sentido, la ministra Ver\u00f3nica Soria destac\u00f3 la importancia de esta medida, afirmando: &#8220;Mes a mes se garantiza que nuestros trabajadores mantengan su poder adquisitivo, adaptando sus ingresos a la realidad econ\u00f3mica mensual&#8221;.<\/p>\n","protected":false},"excerpt":{"rendered":"<p>El Gobierno provincial estableci\u00f3 un incremento mensual en los salarios de los empleados p\u00fablicos del 2,7% para noviembre, en sinton\u00eda con el \u00edndice de inflaci\u00f3n que se dio a conocer ayer, sum\u00e1ndose a la suba del 4% aplicada en octubre. La decisi\u00f3n de la actualizaci\u00f3n mensual de los salarios se adopt\u00f3 tras la reuni\u00f3n del [&hellip;]<\/p>\n","protected":false},"author":2,"featured_media":3012,"comment_status":"open","ping_status":"open","sticky":false,"template":"","format":"standard","meta":{"footnotes":""},"categories":[23,21],"tags":[],"class_list":{"0":"post-3011","1":"post","2":"type-post","3":"status-publish","4":"format-standard","5":"has-post-thumbnail","7":"category-destacados","8":"category-politica"},"aioseo_notices":[],"_links":{"self":[{"href":"https:\/\/elfaroonline.com.ar\/index.php\/wp-json\/wp\/v2\/posts\/3011","targetHints":{"allow":["GET"]}}],"collection":[{"href":"https:\/\/elfaroonline.com.ar\/index.php\/wp-json\/wp\/v2\/posts"}],"about":[{"href":"https:\/\/elfaroonline.com.ar\/index.php\/wp-json\/wp\/v2\/types\/post"}],"author":[{"embeddable":true,"href":"https:\/\/elfaroonline.com.ar\/index.php\/wp-json\/wp\/v2\/users\/2"}],"replies":[{"embeddable":true,"href":"https:\/\/elfaroonline.com.ar\/index.php\/wp-json\/wp\/v2\/comments?post=3011"}],"version-history":[{"count":1,"href":"https:\/\/elfaroonline.com.ar\/index.php\/wp-json\/wp\/v2\/posts\/3011\/revisions"}],"predecessor-version":[{"id":3013,"href":"https:\/\/elfaroonline.com.ar\/index.php\/wp-json\/wp\/v2\/posts\/3011\/revisions\/3013"}],"wp:featuredmedia":[{"embeddable":true,"href":"https:\/\/elfaroonline.com.ar\/index.php\/wp-json\/wp\/v2\/media\/3012"}],"wp:attachment":[{"href":"https:\/\/elfaroonline.com.ar\/index.php\/wp-json\/wp\/v2\/media?parent=3011"}],"wp:term":[{"taxonomy":"category","embeddable":true,"href":"https:\/\/elfaroonline.com.ar\/index.php\/wp-json\/wp\/v2\/categories?post=3011"},{"taxonomy":"post_tag","embeddable":true,"href":"https:\/\/elfaroonline.com.ar\/index.php\/wp-json\/wp\/v2\/tags?post=3011"}],"curies":[{"name":"wp","href":"https:\/\/api.w.org\/{rel}","templated":true}]}}