{"id":3017,"date":"2024-11-14T18:21:11","date_gmt":"2024-11-14T21:21:11","guid":{"rendered":"https:\/\/elfaroonline.com.ar\/?p=3017"},"modified":"2024-11-14T18:21:11","modified_gmt":"2024-11-14T21:21:11","slug":"el-cuerpo-tecnico-de-la-seleccion-de-futbol-femenino-esta-en-catamarca","status":"publish","type":"post","link":"https:\/\/elfaroonline.com.ar\/index.php\/2024\/11\/14\/el-cuerpo-tecnico-de-la-seleccion-de-futbol-femenino-esta-en-catamarca\/","title":{"rendered":"El Cuerpo T\u00e9cnico de la Selecci\u00f3n de F\u00fatbol Femenino est\u00e1 en Catamarca"},"content":{"rendered":"<p>En el Estadio Provincial Bicentenario, comenzaron \u00a0las actividades del cuerpo t\u00e9cnico de la Seleccionado Argentino Mayor de F\u00fatbol Femenino. Con una visor\u00eda de jugadoras, encabezado por el t\u00e9cnico Germ\u00e1n Portanova, el ayudante de campo Osvaldo Conte, el preparador f\u00edsico Franco Caponetto y el analista de videos Nicol\u00e1s Valado, que forman parte del cuerpo t\u00e9cnico nacional, junto al secretario de Deportes y Recreaci\u00f3n del Ministerio de Cultura, Turismo y Deporte Guillermo Perna, la directora General de Coordinaci\u00f3n de la Municipalidad de la Capital Ruth Rodr\u00edguez, la presidenta de la Liga Catamarque\u00f1a de F\u00fatbol Sylvia Jim\u00e9nez, entre otras autoridades.<\/p>\n<p>El seguimiento de las futbolistas se hizo a trav\u00e9s de dos partidos entre los seleccionados de la Liga Catamarque\u00f1a y Tinogaste\u00f1a, en las categor\u00edas Sub 16 y hasta 25 a\u00f1os. Antes de iniciar la actividad, las jugadoras recibieron las bienvenida. &#8220;Catamarca tiene mucho talento. Den lo mejor (dirigi\u00e9ndose a las futbolistas), aprovechen esta oportunidad de seguir creciendo, y la experiencia que les va a aportar el cuerpo t\u00e9cnico nacional para seguir aprendiendo&#8221;, expres\u00f3 el secretario Perna. A continuaci\u00f3n, Jim\u00e9nez agradeci\u00f3 la oportunidad de que lleguen a la provincia los representantes de la selecci\u00f3n nacional para realizar estas acciones en la provincia y continuar con el crecimiento del F\u00fatbol Femenino en toda la provincia.<\/p>\n<p>Por su parte, Portanova expres\u00f3: &#8220;Queremos dejar un sello cada vez que vamos a una provincia, para manifestar donde estamos, c\u00f3mo est\u00e1 el desarrollo de nuestro F\u00fatbol Femenino y hacia donde queremos llegar&#8221;. Cerrando, les dedic\u00f3 unas palabras a las j\u00f3venes: &#8220;Jueguen tranquilas, divi\u00e9rtanse, es un juego&#8221;. Con la informaci\u00f3n recopilada de los partidos, realizar\u00e1n una lista de jugadoras destacadas con las que tendr\u00e1n una nueva jornada de trabajo. Adem\u00e1s, a trav\u00e9s de estas pruebas, tendr\u00e1n informaci\u00f3n para potenciales pruebas en equipos nacionales y mantener contacto con las seleccionas formativas.<\/p>\n","protected":false},"excerpt":{"rendered":"<p>En el Estadio Provincial Bicentenario, comenzaron \u00a0las actividades del cuerpo t\u00e9cnico de la Seleccionado Argentino Mayor de F\u00fatbol Femenino. Con una visor\u00eda de jugadoras, encabezado por el t\u00e9cnico Germ\u00e1n Portanova, el ayudante de campo Osvaldo Conte, el preparador f\u00edsico Franco Caponetto y el analista de videos Nicol\u00e1s Valado, que forman parte del cuerpo t\u00e9cnico nacional, [&hellip;]<\/p>\n","protected":false},"author":2,"featured_media":3018,"comment_status":"open","ping_status":"open","sticky":false,"template":"","format":"standard","meta":{"footnotes":""},"categories":[25],"tags":[],"class_list":{"0":"post-3017","1":"post","2":"type-post","3":"status-publish","4":"format-standard","5":"has-post-thumbnail","7":"category-deportes"},"aioseo_notices":[],"_links":{"self":[{"href":"https:\/\/elfaroonline.com.ar\/index.php\/wp-json\/wp\/v2\/posts\/3017","targetHints":{"allow":["GET"]}}],"collection":[{"href":"https:\/\/elfaroonline.com.ar\/index.php\/wp-json\/wp\/v2\/posts"}],"about":[{"href":"https:\/\/elfaroonline.com.ar\/index.php\/wp-json\/wp\/v2\/types\/post"}],"author":[{"embeddable":true,"href":"https:\/\/elfaroonline.com.ar\/index.php\/wp-json\/wp\/v2\/users\/2"}],"replies":[{"embeddable":true,"href":"https:\/\/elfaroonline.com.ar\/index.php\/wp-json\/wp\/v2\/comments?post=3017"}],"version-history":[{"count":1,"href":"https:\/\/elfaroonline.com.ar\/index.php\/wp-json\/wp\/v2\/posts\/3017\/revisions"}],"predecessor-version":[{"id":3019,"href":"https:\/\/elfaroonline.com.ar\/index.php\/wp-json\/wp\/v2\/posts\/3017\/revisions\/3019"}],"wp:featuredmedia":[{"embeddable":true,"href":"https:\/\/elfaroonline.com.ar\/index.php\/wp-json\/wp\/v2\/media\/3018"}],"wp:attachment":[{"href":"https:\/\/elfaroonline.com.ar\/index.php\/wp-json\/wp\/v2\/media?parent=3017"}],"wp:term":[{"taxonomy":"category","embeddable":true,"href":"https:\/\/elfaroonline.com.ar\/index.php\/wp-json\/wp\/v2\/categories?post=3017"},{"taxonomy":"post_tag","embeddable":true,"href":"https:\/\/elfaroonline.com.ar\/index.php\/wp-json\/wp\/v2\/tags?post=3017"}],"curies":[{"name":"wp","href":"https:\/\/api.w.org\/{rel}","templated":true}]}}