{"id":3020,"date":"2024-11-14T18:23:47","date_gmt":"2024-11-14T21:23:47","guid":{"rendered":"https:\/\/elfaroonline.com.ar\/?p=3020"},"modified":"2024-11-14T18:23:47","modified_gmt":"2024-11-14T21:23:47","slug":"convocatoria-para-la-feria-del-patio-edicion-navidad","status":"publish","type":"post","link":"https:\/\/elfaroonline.com.ar\/index.php\/2024\/11\/14\/convocatoria-para-la-feria-del-patio-edicion-navidad\/","title":{"rendered":"Convocatoria para la Feria del Patio Edici\u00f3n Navidad"},"content":{"rendered":"<p class=\"v1MsoNormal\">El Ministerio de Cultura, Turismo y Deporte prepara la 1\u00ba edici\u00f3n de la Feria del Patio Edici\u00f3n Navidad, que se desarrollar\u00e1 los d\u00edas 13, 14 y 15 de diciembre en el Patio de las Provincias, en el Predio Ferial.<\/p>\n<p class=\"v1MsoNormal\">La feria ser\u00e1 la primera en este espacio y reunir\u00e1 a artesanos, dise\u00f1adores, manualistas y elaboradores de productos regionales, con el objetivo de promover la compra de productos culturales y con identidad para regalar en las fiestas.<\/p>\n<p class=\"v1MsoNormal\">La Direcci\u00f3n de Artesan\u00edas, Dise\u00f1o y F\u00e1brica de Alfombras abri\u00f3 la convocatoria para quienes deseen postularse como expositores en esta feria, que otorgar\u00e1 sus espacios de forma gratuita, conforme a una selecci\u00f3n y curadur\u00eda de las propuestas postuladas.<\/p>\n<p class=\"v1MsoNormal\">La postulaci\u00f3n para artesanos, dise\u00f1adores, manualistas y elaboradores de productos regionales estar\u00e1 abierta hasta el 29 de noviembre en el siguiente enlace: <a href=\"https:\/\/bit.ly\/FeraDelPatioNavidad\" target=\"_blank\" rel=\"noopener noreferrer\">https:\/\/bit.ly\/FeraDelPatioNavidad<\/a><\/p>\n<p class=\"v1MsoNormal\">Desde la organizaci\u00f3n solicitaron que los interesados revisen las bases y condiciones de participaci\u00f3n previo a inscribirse, y explicaron que la mera postulaci\u00f3n no garantiza la participaci\u00f3n en la feria. La comunicaci\u00f3n de los seleccionados se realizar\u00e1 v\u00eda correo electr\u00f3nico en las casillas que dejaron al momento de anotarse.<\/p>\n<p class=\"v1MsoNormal\">Durante los d\u00edas viernes 13, s\u00e1bado 14 y domingo 15 de diciembre, entre las 18 y la medianoche se realizar\u00e1 la feria que contar\u00e1 con unos 150 expositores adem\u00e1s de espacios gastron\u00f3micos y un escenario en el que se presentar\u00e1n distintas propuestas art\u00edsticas.<\/p>\n","protected":false},"excerpt":{"rendered":"<p>El Ministerio de Cultura, Turismo y Deporte prepara la 1\u00ba edici\u00f3n de la Feria del Patio Edici\u00f3n Navidad, que se desarrollar\u00e1 los d\u00edas 13, 14 y 15 de diciembre en el Patio de las Provincias, en el Predio Ferial. La feria ser\u00e1 la primera en este espacio y reunir\u00e1 a artesanos, dise\u00f1adores, manualistas y elaboradores [&hellip;]<\/p>\n","protected":false},"author":2,"featured_media":3021,"comment_status":"open","ping_status":"open","sticky":false,"template":"","format":"standard","meta":{"footnotes":""},"categories":[20],"tags":[],"class_list":{"0":"post-3020","1":"post","2":"type-post","3":"status-publish","4":"format-standard","5":"has-post-thumbnail","7":"category-sociedad"},"aioseo_notices":[],"_links":{"self":[{"href":"https:\/\/elfaroonline.com.ar\/index.php\/wp-json\/wp\/v2\/posts\/3020","targetHints":{"allow":["GET"]}}],"collection":[{"href":"https:\/\/elfaroonline.com.ar\/index.php\/wp-json\/wp\/v2\/posts"}],"about":[{"href":"https:\/\/elfaroonline.com.ar\/index.php\/wp-json\/wp\/v2\/types\/post"}],"author":[{"embeddable":true,"href":"https:\/\/elfaroonline.com.ar\/index.php\/wp-json\/wp\/v2\/users\/2"}],"replies":[{"embeddable":true,"href":"https:\/\/elfaroonline.com.ar\/index.php\/wp-json\/wp\/v2\/comments?post=3020"}],"version-history":[{"count":1,"href":"https:\/\/elfaroonline.com.ar\/index.php\/wp-json\/wp\/v2\/posts\/3020\/revisions"}],"predecessor-version":[{"id":3022,"href":"https:\/\/elfaroonline.com.ar\/index.php\/wp-json\/wp\/v2\/posts\/3020\/revisions\/3022"}],"wp:featuredmedia":[{"embeddable":true,"href":"https:\/\/elfaroonline.com.ar\/index.php\/wp-json\/wp\/v2\/media\/3021"}],"wp:attachment":[{"href":"https:\/\/elfaroonline.com.ar\/index.php\/wp-json\/wp\/v2\/media?parent=3020"}],"wp:term":[{"taxonomy":"category","embeddable":true,"href":"https:\/\/elfaroonline.com.ar\/index.php\/wp-json\/wp\/v2\/categories?post=3020"},{"taxonomy":"post_tag","embeddable":true,"href":"https:\/\/elfaroonline.com.ar\/index.php\/wp-json\/wp\/v2\/tags?post=3020"}],"curies":[{"name":"wp","href":"https:\/\/api.w.org\/{rel}","templated":true}]}}