{"id":3023,"date":"2024-11-14T18:26:56","date_gmt":"2024-11-14T21:26:56","guid":{"rendered":"https:\/\/elfaroonline.com.ar\/?p=3023"},"modified":"2024-11-14T18:26:56","modified_gmt":"2024-11-14T21:26:56","slug":"el-senado-convirtio-en-ley-el-marco-para-prevenir-y-concientizar-sobre-los-juegos-y-apuestas-en-linea","status":"publish","type":"post","link":"https:\/\/elfaroonline.com.ar\/index.php\/2024\/11\/14\/el-senado-convirtio-en-ley-el-marco-para-prevenir-y-concientizar-sobre-los-juegos-y-apuestas-en-linea\/","title":{"rendered":"El Senado convirti\u00f3 en Ley el marco para prevenir y concientizar sobre los juegos y apuestas en l\u00ednea"},"content":{"rendered":"<p>La C\u00e1mara de Senadores de Catamarca se reuni\u00f3 este jueves en su vig\u00e9sima quinta sesi\u00f3n ordinaria \u00a0encabezada por el presidente provisorio, senador Horacio Guti\u00e9rrez. En la oportunidad, el Pleno aprob\u00f3 diversos proyectos de inter\u00e9s para la comunidad.<\/p>\n<p>As\u00ed en primer t\u00e9rmino se di\u00f3 sanci\u00f3n definitiva al proyecto de Ley autor\u00eda de Diputados provinciales sobre implementar en todo el territorio una campa\u00f1a de concientizaci\u00f3n y prevenci\u00f3n dirigida a ni\u00f1os, ni\u00f1as y adolescentes sobre los efectos nocivos de las apuestas virtuales, deportivas y de otros tipos.<\/p>\n<p>La Ley a la que se asign\u00f3 el N\u00b0 5.889 tiene como objeto establecer un marco regulatorio, medidas de prevenci\u00f3n y concientizaci\u00f3n respecto a los juegos y apuestas en l\u00ednea, para prevenir y erradicar la ludopat\u00eda y ciberludopat\u00eda en ni\u00f1os, ni\u00f1as y adolescentes de nuestra provincia.<\/p>\n<p>&#8220;El juego con apuestas en l\u00ednea (on line) se ha convertido en una verdadera preocupaci\u00f3n creciente debido a su accesibilidad y atractivo sobre todo para los dem\u00e1s j\u00f3venes. Los ni\u00f1os, ni\u00f1as y adolescentes son especialmente vulnerables a los riesgos asociados con el juego, incluyendo la adicci\u00f3n, el endeudamiento y los problemas de salud mental&#8221; expresa entre sus fundamentos la iniciativa que tuvo como miembro informante a la senadora Virginia Del Arco.<\/p>\n<p>El Cuerpo tambi\u00e9n estableci\u00f3 como Ley N\u00b0 5.890 al proyecto impulsado por la diputada Adriana D\u00edaz sobre la adhesi\u00f3n de Catamarca a la Ley Nacional N\u00b0 27.671 que establece la capacitaci\u00f3n obligatoria, peri\u00f3dica y permanente en la &#8220;Cuesti\u00f3n de las Islas Malvinas&#8221;, para todas las personas que se desempe\u00f1en en la funci\u00f3n p\u00fablica.<\/p>\n<p>Adhierase la Provincia de Catamarca a la Ley Nacional N\u00b0 27.671 que establece la capacitacidn obligatoria, peri\u00f3dica y permanente en la Cuestion de las Islas Malvinas para todas las personas que se desempenen en la flincion publica en todos sus niveles y jerarquias en los poderes Ejecutivo, Legislativo y Judicial del Estado Provincial, incluyese a entidades aut\u00e1rquicas y aut\u00f3nomas, y organismos con participaci\u00f3n mayoritaria del Estado.<\/p>\n<p>Mediante el presente proyecto se entiende que dichas herramientas permitir\u00e1n otorgar concientizacion y formaci\u00f3n, para aplicar la tem\u00e1tica de manera transversal, a quienes inciden sobre el dise\u00f1o y ejecuci\u00f3n de pol\u00edticas p\u00fablicas y de la normativa vigente que hace a la construcci\u00f3n de la identidad de nuestro pa\u00eds.<\/p>\n","protected":false},"excerpt":{"rendered":"<p>La C\u00e1mara de Senadores de Catamarca se reuni\u00f3 este jueves en su vig\u00e9sima quinta sesi\u00f3n ordinaria \u00a0encabezada por el presidente provisorio, senador Horacio Guti\u00e9rrez. En la oportunidad, el Pleno aprob\u00f3 diversos proyectos de inter\u00e9s para la comunidad. As\u00ed en primer t\u00e9rmino se di\u00f3 sanci\u00f3n definitiva al proyecto de Ley autor\u00eda de Diputados provinciales sobre implementar [&hellip;]<\/p>\n","protected":false},"author":2,"featured_media":3024,"comment_status":"open","ping_status":"open","sticky":false,"template":"","format":"standard","meta":{"footnotes":""},"categories":[21],"tags":[],"class_list":{"0":"post-3023","1":"post","2":"type-post","3":"status-publish","4":"format-standard","5":"has-post-thumbnail","7":"category-politica"},"aioseo_notices":[],"_links":{"self":[{"href":"https:\/\/elfaroonline.com.ar\/index.php\/wp-json\/wp\/v2\/posts\/3023","targetHints":{"allow":["GET"]}}],"collection":[{"href":"https:\/\/elfaroonline.com.ar\/index.php\/wp-json\/wp\/v2\/posts"}],"about":[{"href":"https:\/\/elfaroonline.com.ar\/index.php\/wp-json\/wp\/v2\/types\/post"}],"author":[{"embeddable":true,"href":"https:\/\/elfaroonline.com.ar\/index.php\/wp-json\/wp\/v2\/users\/2"}],"replies":[{"embeddable":true,"href":"https:\/\/elfaroonline.com.ar\/index.php\/wp-json\/wp\/v2\/comments?post=3023"}],"version-history":[{"count":1,"href":"https:\/\/elfaroonline.com.ar\/index.php\/wp-json\/wp\/v2\/posts\/3023\/revisions"}],"predecessor-version":[{"id":3025,"href":"https:\/\/elfaroonline.com.ar\/index.php\/wp-json\/wp\/v2\/posts\/3023\/revisions\/3025"}],"wp:featuredmedia":[{"embeddable":true,"href":"https:\/\/elfaroonline.com.ar\/index.php\/wp-json\/wp\/v2\/media\/3024"}],"wp:attachment":[{"href":"https:\/\/elfaroonline.com.ar\/index.php\/wp-json\/wp\/v2\/media?parent=3023"}],"wp:term":[{"taxonomy":"category","embeddable":true,"href":"https:\/\/elfaroonline.com.ar\/index.php\/wp-json\/wp\/v2\/categories?post=3023"},{"taxonomy":"post_tag","embeddable":true,"href":"https:\/\/elfaroonline.com.ar\/index.php\/wp-json\/wp\/v2\/tags?post=3023"}],"curies":[{"name":"wp","href":"https:\/\/api.w.org\/{rel}","templated":true}]}}