{"id":3026,"date":"2024-11-14T18:30:39","date_gmt":"2024-11-14T21:30:39","guid":{"rendered":"https:\/\/elfaroonline.com.ar\/?p=3026"},"modified":"2024-11-14T18:30:39","modified_gmt":"2024-11-14T21:30:39","slug":"la-inflacion-de-octubre-fue-27-la-mas-baja-en-casi-tres-anos-acumulo-193-en-los-ultimos-12-meses","status":"publish","type":"post","link":"https:\/\/elfaroonline.com.ar\/index.php\/2024\/11\/14\/la-inflacion-de-octubre-fue-27-la-mas-baja-en-casi-tres-anos-acumulo-193-en-los-ultimos-12-meses\/","title":{"rendered":"La inflaci\u00f3n de octubre fue 2,7%, la m\u00e1s baja en casi tres a\u00f1os: acumul\u00f3 193% en los \u00faltimos 12 meses"},"content":{"rendered":"<p>El Instituto Nacional de Estad\u00edstica y Censos (<b>Indec<\/b>) inform\u00f3 que la <b>inflaci\u00f3n <\/b>de octubre<b> se ubic\u00f3 en el 2,7%<\/b>, lo que significa una nueva desaceleraci\u00f3n en el \u00edndice de precios al consumidor.<\/p>\n<p class=\"paragraph\">De esta manera, el <b>incremento de precios <\/b>acumulado en los \u00faltimos doce meses alcanz\u00f3 el 193%, seg\u00fan el organismo oficial. Ese dato interanual es el sexto consecutivo en baja desde el 289,3% que se registr\u00f3 en abril pasado.<\/p>\n<p class=\"paragraph\">Este nuevo dato refuerza la tendencia de moderaci\u00f3n en la suba de precios que el Gobierno busca consolidar mediante una serie de medidas de pol\u00edtica econ\u00f3mica.<\/p>\n<p class=\"paragraph\">La inflaci\u00f3n n\u00facleo, aquella que excluye los precios estacionales y regulados, se ubic\u00f3 en el 2,9%, por debajo del 3,3% de octubre. De esa forma, tuvo el menor registro desde septiembre de 2020. Nuevamente se marc\u00f3 una diferencia entre los precios de <b>bienes (2,1%)<\/b> y <b>servicios (4,3%)<\/b>, donde nuevamente \u00e9stos \u00faltimos se incrementaron por encima del promedio general.<\/p>\n<p class=\"paragraph\">La divisi\u00f3n de mayor aumento en el mes fue <b>Vivienda, agua, electricidad, gas y otros combustibles (5,4%) <\/b>por las subas en Alquiler de la vivienda y gastos conexos; Electricidad, gas y otros combustibles; y Suministro de agua, seguida de <b>Prendas de vestir y calzado (4,4%)<\/b>. En el otro extremo, las dos divisiones que registraron las menores variaciones en octubre de 2024 fueron<b>Transporte (1,2%)<\/b> y <b>Alimentos y bebidas no alcoh\u00f3licas (1,2%).<\/b><\/p>\n","protected":false},"excerpt":{"rendered":"<p>El Instituto Nacional de Estad\u00edstica y Censos (Indec) inform\u00f3 que la inflaci\u00f3n de octubre se ubic\u00f3 en el 2,7%, lo que significa una nueva desaceleraci\u00f3n en el \u00edndice de precios al consumidor. De esta manera, el incremento de precios acumulado en los \u00faltimos doce meses alcanz\u00f3 el 193%, seg\u00fan el organismo oficial. Ese dato interanual [&hellip;]<\/p>\n","protected":false},"author":2,"featured_media":3027,"comment_status":"open","ping_status":"open","sticky":false,"template":"","format":"standard","meta":{"footnotes":""},"categories":[22],"tags":[],"class_list":{"0":"post-3026","1":"post","2":"type-post","3":"status-publish","4":"format-standard","5":"has-post-thumbnail","7":"category-nacionales"},"aioseo_notices":[],"_links":{"self":[{"href":"https:\/\/elfaroonline.com.ar\/index.php\/wp-json\/wp\/v2\/posts\/3026","targetHints":{"allow":["GET"]}}],"collection":[{"href":"https:\/\/elfaroonline.com.ar\/index.php\/wp-json\/wp\/v2\/posts"}],"about":[{"href":"https:\/\/elfaroonline.com.ar\/index.php\/wp-json\/wp\/v2\/types\/post"}],"author":[{"embeddable":true,"href":"https:\/\/elfaroonline.com.ar\/index.php\/wp-json\/wp\/v2\/users\/2"}],"replies":[{"embeddable":true,"href":"https:\/\/elfaroonline.com.ar\/index.php\/wp-json\/wp\/v2\/comments?post=3026"}],"version-history":[{"count":1,"href":"https:\/\/elfaroonline.com.ar\/index.php\/wp-json\/wp\/v2\/posts\/3026\/revisions"}],"predecessor-version":[{"id":3028,"href":"https:\/\/elfaroonline.com.ar\/index.php\/wp-json\/wp\/v2\/posts\/3026\/revisions\/3028"}],"wp:featuredmedia":[{"embeddable":true,"href":"https:\/\/elfaroonline.com.ar\/index.php\/wp-json\/wp\/v2\/media\/3027"}],"wp:attachment":[{"href":"https:\/\/elfaroonline.com.ar\/index.php\/wp-json\/wp\/v2\/media?parent=3026"}],"wp:term":[{"taxonomy":"category","embeddable":true,"href":"https:\/\/elfaroonline.com.ar\/index.php\/wp-json\/wp\/v2\/categories?post=3026"},{"taxonomy":"post_tag","embeddable":true,"href":"https:\/\/elfaroonline.com.ar\/index.php\/wp-json\/wp\/v2\/tags?post=3026"}],"curies":[{"name":"wp","href":"https:\/\/api.w.org\/{rel}","templated":true}]}}