{"id":3029,"date":"2024-11-14T18:34:50","date_gmt":"2024-11-14T21:34:50","guid":{"rendered":"https:\/\/elfaroonline.com.ar\/?p=3029"},"modified":"2024-11-14T18:34:50","modified_gmt":"2024-11-14T21:34:50","slug":"las-pruebas-que-valoro-casacion-para-confirmar-la-condena-de-cristina-kirchner","status":"publish","type":"post","link":"https:\/\/elfaroonline.com.ar\/index.php\/2024\/11\/14\/las-pruebas-que-valoro-casacion-para-confirmar-la-condena-de-cristina-kirchner\/","title":{"rendered":"Las pruebas que valor\u00f3 Casaci\u00f3n para confirmar la condena de Cristina Kirchner"},"content":{"rendered":"<p>La relaci\u00f3n comercial con L\u00e1zaro B\u00e1ez, la firma de un decreto que modific\u00f3 un fideicomiso de obra p\u00fablica y el \u201cplan limpiar todo\u201d, lo primordial que valoraron los jueces.<\/p>\n<p>Se trata de los mismos argumentos que hab\u00eda valorado el Tribunal Oral Federal 2 cuando en diciembre de 2022 conden\u00f3 a la ex presidenta: la firma de un decreto que modific\u00f3 un fideicomiso para el manejo de los fondos de la obra p\u00fablica, su relaci\u00f3n comercial con <b>L\u00e1zaro B\u00e1ez <\/b>-quien recibi\u00f3 <b>51 obras p\u00fablicas para Santa Cruz<\/b>&#8211; y lo que se conoci\u00f3 como el <b>\u201cplan limpiar todo\u201d<\/b>.<\/p>\n<p class=\"paragraph\">\u201cQue desde 2003 a 2015 funcionarios p\u00fablicos nacionales y provinciales, entre los que se encontraba la dos veces presidenta de la Naci\u00f3n <b>Cristina Fern\u00e1ndez de Kirchner<\/b>, llevaron a cabo una <b>maniobra fraudulenta <\/b>que perjudic\u00f3 de manera trascendente a las cuentas del Estado nacional, pues se desvi\u00f3 el dinero p\u00fablico en favor del empresario <b>L\u00e1zaro Antonio B\u00e1ez <\/b>a partir de la asignaci\u00f3n de obra p\u00fablica vial a sus empresas\u201d, sostuvieron los magistrados.<\/p>\n<p class=\"paragraph\">Y particularmente sobre Cristina Kirchner se\u00f1alaron que \u201c<b>era la m\u00e1xima autoridad a cargo de la protecci\u00f3n de los bienes p\u00fablicos en cuesti\u00f3n<\/b>, resultando insuficiente escudarse detr\u00e1s de su posici\u00f3n jer\u00e1rquica y una alegada lejan\u00eda causal con los bienes materiales confiados a su competencia funcional para sustraerse de sus funciones primordiales y de los deberes institucionales asumidos\u201d.<\/p>\n<div class=\"inline_2 ad-wrapper ad-mobile amp ad-amp\"><\/div>\n<p class=\"paragraph\">Los jueces se\u00f1alaron en sus argumentos que Cristina Kirchner, a instancias del ex secretario de Obras P\u00fablicas <b>Jos\u00e9 L\u00f3pez<\/b> -tambi\u00e9n con la confirmaci\u00f3n de su condena de seis a\u00f1os de prisi\u00f3n-, firm\u00f3 el decreto 54\/2009. Con ese decreto se permiti\u00f3 que los fondos del fideicomiso de la obra p\u00fablica quedaran a disposici\u00f3n de la <b>Direcci\u00f3n Nacional de Vialidad<\/b>, a cargo de <b>Nelson Periotti<\/b> -tambi\u00e9n condenado a seis a\u00f1os de prisi\u00f3n- para el pago de los certificados de obra.<\/p>\n<p class=\"paragraph\">\u201cEn definitiva, en funci\u00f3n de su rol como Presidenta de la Naci\u00f3n y, en consecuencia, <b>responsable de los fondos del fideicomiso<\/b>, cualquier comportamiento activo y doloso que engendre o incremente un riesgo m\u00e1s all\u00e1 del permitido y que resulte en lesi\u00f3n de recursos que son p\u00fablicos, como lo fue el dictado del decreto 54\/2009 o los comportamientos analizados de noviembre y diciembre de 2015, independientemente de su afectaci\u00f3n espec\u00edfica a alguna jurisdicci\u00f3n y\/u organismo descentralizado, confirmada su antijuridicidad, entonces el injusto penal resultante es reprochable al agente\u201d, dijeron los magistrados.<\/p>\n<p class=\"paragraph\">La referencia a los comportamientos de noviembre y diciembre de 2015 es por lo que el fiscal del juicio oral <b>Diego Luciani <\/b>llam\u00f3 el \u201c<b>plan limpiar todo\u201d<\/b>. Se trat\u00f3 de los mensajes de <b>Whatsapp<\/b> que se encontraron en el celular de <b>L\u00f3pez<\/b> cuando fue detenido en junio de 2016 en el convento de <b>General Rodr\u00edguez<\/b> con <b>bolsos con nueve millones de d\u00f3lares y por los que fue condenado a seis a\u00f1os de prisi\u00f3n por enriquecimiento il\u00edcito<\/b>.<\/p>\n<p class=\"paragraph\">Esos mensajes dan cuenta de reuniones de L\u00f3pez con Cristina Kirchner, con B\u00e1ez, comunicaciones con <b>Julio Mendoza<\/b> -presidente de <b>Austral Construcciones<\/b>&#8211; y de encuentros del empresario con la entonces presidenta en noviembre de 2015, a pocos d\u00edas de que <b>Mauricio Macri<\/b> asuma la presidencia de la Naci\u00f3n. <b>All\u00ed se hace referencia a que B\u00e1ez ten\u00eda que cobrar todo lo que se le adeudaba antes que Cristina Kirchner deje el gobierno para despu\u00e9s cerrar las empresas.<\/b><\/p>\n<p class=\"paragraph\">Para los jueces de Casaci\u00f3n la entonces presidenta se involucr\u00f3 para que B\u00e1ez cobre los fondos que se le adeudaban antes que deje el gobierno. Eso ten\u00eda una raz\u00f3n y era que el empresario era su socio comercial. Mientras que B\u00e1ez cobraba por las obras p\u00fablicas parte de esos fondos (explicaron los jueces) iban a negocios de la familiar Kirchner. Fundamentalmente al alquiler de hoteles y propiedades.<b> Eso se investiga en los casos \u201cLos Sauces-Hotesur\u201d.<\/b><\/p>\n","protected":false},"excerpt":{"rendered":"<p>La relaci\u00f3n comercial con L\u00e1zaro B\u00e1ez, la firma de un decreto que modific\u00f3 un fideicomiso de obra p\u00fablica y el \u201cplan limpiar todo\u201d, lo primordial que valoraron los jueces. Se trata de los mismos argumentos que hab\u00eda valorado el Tribunal Oral Federal 2 cuando en diciembre de 2022 conden\u00f3 a la ex presidenta: la firma [&hellip;]<\/p>\n","protected":false},"author":2,"featured_media":3030,"comment_status":"open","ping_status":"open","sticky":false,"template":"","format":"standard","meta":{"footnotes":""},"categories":[22,27],"tags":[],"class_list":{"0":"post-3029","1":"post","2":"type-post","3":"status-publish","4":"format-standard","5":"has-post-thumbnail","7":"category-nacionales","8":"category-policiales"},"aioseo_notices":[],"_links":{"self":[{"href":"https:\/\/elfaroonline.com.ar\/index.php\/wp-json\/wp\/v2\/posts\/3029","targetHints":{"allow":["GET"]}}],"collection":[{"href":"https:\/\/elfaroonline.com.ar\/index.php\/wp-json\/wp\/v2\/posts"}],"about":[{"href":"https:\/\/elfaroonline.com.ar\/index.php\/wp-json\/wp\/v2\/types\/post"}],"author":[{"embeddable":true,"href":"https:\/\/elfaroonline.com.ar\/index.php\/wp-json\/wp\/v2\/users\/2"}],"replies":[{"embeddable":true,"href":"https:\/\/elfaroonline.com.ar\/index.php\/wp-json\/wp\/v2\/comments?post=3029"}],"version-history":[{"count":1,"href":"https:\/\/elfaroonline.com.ar\/index.php\/wp-json\/wp\/v2\/posts\/3029\/revisions"}],"predecessor-version":[{"id":3031,"href":"https:\/\/elfaroonline.com.ar\/index.php\/wp-json\/wp\/v2\/posts\/3029\/revisions\/3031"}],"wp:featuredmedia":[{"embeddable":true,"href":"https:\/\/elfaroonline.com.ar\/index.php\/wp-json\/wp\/v2\/media\/3030"}],"wp:attachment":[{"href":"https:\/\/elfaroonline.com.ar\/index.php\/wp-json\/wp\/v2\/media?parent=3029"}],"wp:term":[{"taxonomy":"category","embeddable":true,"href":"https:\/\/elfaroonline.com.ar\/index.php\/wp-json\/wp\/v2\/categories?post=3029"},{"taxonomy":"post_tag","embeddable":true,"href":"https:\/\/elfaroonline.com.ar\/index.php\/wp-json\/wp\/v2\/tags?post=3029"}],"curies":[{"name":"wp","href":"https:\/\/api.w.org\/{rel}","templated":true}]}}