{"id":3032,"date":"2024-11-14T18:40:28","date_gmt":"2024-11-14T21:40:28","guid":{"rendered":"https:\/\/elfaroonline.com.ar\/?p=3032"},"modified":"2024-11-14T18:40:28","modified_gmt":"2024-11-14T21:40:28","slug":"el-gobierno-dio-de-baja-la-jubilacion-de-privilegio-de-cristina-kirchner-y-la-pension-de-nestor-kirchner","status":"publish","type":"post","link":"https:\/\/elfaroonline.com.ar\/index.php\/2024\/11\/14\/el-gobierno-dio-de-baja-la-jubilacion-de-privilegio-de-cristina-kirchner-y-la-pension-de-nestor-kirchner\/","title":{"rendered":"El Gobierno dio de baja la jubilaci\u00f3n de privilegio de Cristina Kirchner y la pensi\u00f3n de N\u00e9stor Kirchner"},"content":{"rendered":"<p>Lo anunci\u00f3 el vocero presidencial, Manuel Adorni, en su habitual conferencia de prensa. \u201cSignifica para los argentinos un ahorro de unos 21.827.624 de pesos\u201c, sostuvo el funcionario.<\/p>\n<p class=\"paragraph\">En esta l\u00ednea, asegur\u00f3 que \u201c<b>la jubilaci\u00f3n a exmandatarios es un privilegio que no deber\u00eda existir en la Argentina<\/b>, m\u00e1s a\u00fan si quien la percibe est\u00e1 condenada por estafar desde las m\u00e1s altas esferas del poder a millones de argentinos que vieron esfumarse sus esperanzas a manos de la pol\u00edtica\u201d.<\/p>\n<div class=\"inline_2 ad-wrapper ad-mobile amp ad-amp\"><\/div>\n<p class=\"paragraph\">\u201cEsto es nada m\u00e1s ni nada menos que otorgar un manto de sentido com\u00fan y cordura a la gesti\u00f3n p\u00fablica. <b>Durante el mandato del presidente Milei, la Argentina no va a destinar fondos a ninguna persona que est\u00e9 condenada por corrupci\u00f3n<\/b> y que haya m\u00e1s mancillado el honor y la dignidad de los argentinos\u201d, complet\u00f3.<\/p>\n<div class=\"sc-80531b6b-0 chRIGJ container-text text-embed\">\n<p>&nbsp;<\/p>\n<\/div>\n<div class=\"sc-80531b6b-0 chRIGJ container-text text-embed\">\n<p>&#8220;Por orden del presidente Javier Milei y detr\u00e1s del trabajo del Ministerio de Capital Humano, a trav\u00e9s de la ANSeS, se resolvi\u00f3 dar de baja la asignaci\u00f3n de privilegio que la ex presidenta Cristina Kirchner ven\u00eda percibiendo tanto en la asignaci\u00f3n personal como en la derivada por pensi\u00f3n del fallecido ex presidente N\u00e9stor Kirchner&#8221;, anunci\u00f3 el vocero presidencial en conferencia de prensa.<\/p>\n<\/div>\n<div class=\"sc-80531b6b-0 chRIGJ container-text text-embed\">\n<p>El portavoz detall\u00f3 que la decisi\u00f3n del Ejecutivo &#8220;significa para los argentinos <strong>un ahorro de $ 21.827.624,65<\/strong>&#8220;.<\/p>\n<div class=\"sc-80531b6b-0 chRIGJ container-text text-embed\">\n<p>Ayer, la C\u00e1mara de Casaci\u00f3n Penal ratific\u00f3 la sentencia de 6 a\u00f1os de c\u00e1rcel para Cristina -apelar\u00e1 a la Corte- por el delito de administraci\u00f3n fraudulenta en perjuicio del Estado por la causa Vialidad. Tambi\u00e9n, su inhabilitaci\u00f3n perpetua para ejercer cargos p\u00fablicos.<\/p>\n<\/div>\n<div class=\"sc-80531b6b-0 chRIGJ container-text text-embed\">\n<p>Adorni explic\u00f3 que el accionar por el que Cristina fue condenada &#8220;<strong>representa lo contrario al honor, m\u00e9rito y el buen desempe\u00f1o<\/strong>&#8220;.<\/p>\n<p>&#8220;El beneficio previsto por la ley para ex presidentes y vices es una asignaci\u00f3n que no tiene car\u00e1cter contributivo y se otorga de manera excepcional como contraprestaci\u00f3n al honor, el m\u00e9rito y buen desempe\u00f1o en el cargo. <strong>La se\u00f1ora fue condenada<\/strong> por la C\u00e1mara como autora del delito de administraci\u00f3n fraudulenta, por lo que representa lo contrario al honor, el m\u00e9rito y el buen desempe\u00f1o&#8221;, explic\u00f3 el vocero antes de la preguntas en la conferencia de prensa que encabez\u00f3 este jueves en la Casa Rosada.<\/p>\n<div class=\"sc-80531b6b-0 chRIGJ container-text text-embed\">\n<p>En ese sentido, el portavoz insisti\u00f3 que &#8220;la jubilaci\u00f3n a ex mandatarios es un privilegio que no deber\u00eda existir en la Argentina y m\u00e1s a\u00fan si quien la percibe est\u00e1 condenada por estafar desde las m\u00e1s altas esferas a millones de argentinos que vieron esfumarse sus esperanzas a manos de la pol\u00edtica&#8221;.<\/p>\n<\/div>\n<div class=\"sc-80531b6b-0 chRIGJ container-text text-embed\">\n<p>&#8220;Es un manto de sentido com\u00fan y cordura a la gesti\u00f3n p\u00fablica&#8221;, remarc\u00f3 Adorni, y enseguida se\u00f1al\u00f3 que &#8220;durante el mandato de Milei, la Argentina no va a destinar fondos a ninguna persona que est\u00e9 <strong>condenada por corrupci\u00f3n y que haya mancillado el honor y dignidad<\/strong> de los argentinos&#8221;.<\/p>\n<\/div>\n<\/div>\n<\/div>\n","protected":false},"excerpt":{"rendered":"<p>Lo anunci\u00f3 el vocero presidencial, Manuel Adorni, en su habitual conferencia de prensa. \u201cSignifica para los argentinos un ahorro de unos 21.827.624 de pesos\u201c, sostuvo el funcionario. En esta l\u00ednea, asegur\u00f3 que \u201cla jubilaci\u00f3n a exmandatarios es un privilegio que no deber\u00eda existir en la Argentina, m\u00e1s a\u00fan si quien la percibe est\u00e1 condenada por [&hellip;]<\/p>\n","protected":false},"author":2,"featured_media":3033,"comment_status":"open","ping_status":"open","sticky":false,"template":"","format":"standard","meta":{"footnotes":""},"categories":[22,21],"tags":[],"class_list":{"0":"post-3032","1":"post","2":"type-post","3":"status-publish","4":"format-standard","5":"has-post-thumbnail","7":"category-nacionales","8":"category-politica"},"aioseo_notices":[],"_links":{"self":[{"href":"https:\/\/elfaroonline.com.ar\/index.php\/wp-json\/wp\/v2\/posts\/3032","targetHints":{"allow":["GET"]}}],"collection":[{"href":"https:\/\/elfaroonline.com.ar\/index.php\/wp-json\/wp\/v2\/posts"}],"about":[{"href":"https:\/\/elfaroonline.com.ar\/index.php\/wp-json\/wp\/v2\/types\/post"}],"author":[{"embeddable":true,"href":"https:\/\/elfaroonline.com.ar\/index.php\/wp-json\/wp\/v2\/users\/2"}],"replies":[{"embeddable":true,"href":"https:\/\/elfaroonline.com.ar\/index.php\/wp-json\/wp\/v2\/comments?post=3032"}],"version-history":[{"count":1,"href":"https:\/\/elfaroonline.com.ar\/index.php\/wp-json\/wp\/v2\/posts\/3032\/revisions"}],"predecessor-version":[{"id":3034,"href":"https:\/\/elfaroonline.com.ar\/index.php\/wp-json\/wp\/v2\/posts\/3032\/revisions\/3034"}],"wp:featuredmedia":[{"embeddable":true,"href":"https:\/\/elfaroonline.com.ar\/index.php\/wp-json\/wp\/v2\/media\/3033"}],"wp:attachment":[{"href":"https:\/\/elfaroonline.com.ar\/index.php\/wp-json\/wp\/v2\/media?parent=3032"}],"wp:term":[{"taxonomy":"category","embeddable":true,"href":"https:\/\/elfaroonline.com.ar\/index.php\/wp-json\/wp\/v2\/categories?post=3032"},{"taxonomy":"post_tag","embeddable":true,"href":"https:\/\/elfaroonline.com.ar\/index.php\/wp-json\/wp\/v2\/tags?post=3032"}],"curies":[{"name":"wp","href":"https:\/\/api.w.org\/{rel}","templated":true}]}}