{"id":3035,"date":"2024-11-14T18:44:14","date_gmt":"2024-11-14T21:44:14","guid":{"rendered":"https:\/\/elfaroonline.com.ar\/?p=3035"},"modified":"2024-11-14T18:44:14","modified_gmt":"2024-11-14T21:44:14","slug":"herramientas-de-seguridad-para-los-comerciantes-de-catamarca","status":"publish","type":"post","link":"https:\/\/elfaroonline.com.ar\/index.php\/2024\/11\/14\/herramientas-de-seguridad-para-los-comerciantes-de-catamarca\/","title":{"rendered":"Herramientas de Seguridad para los Comerciantes de Catamarca"},"content":{"rendered":"<p>&nbsp;<\/p>\n<p>Esta ma\u00f1ana, en la sede de la Uni\u00f3n Comercial de Catamarca (UCC), el Ministerio de Seguridad present\u00f3 junto a la UCC el nuevo bot\u00f3n antip\u00e1nico para comercios, una herramienta dise\u00f1ada para mejorar la respuesta ante situaciones de emergencia en los establecimientos comerciales.<\/p>\n<p>El acto cont\u00f3 con la presencia de la ministra de Seguridad, Fabiola Segura; la presidenta de la Uni\u00f3n Comercial de Catamarca, Cynthia Galarza; y autoridades del Servicio de Atenci\u00f3n de Emergencias (SAE) 911.<\/p>\n<p>Esta acci\u00f3n es el resultado de una colaboraci\u00f3n entre el sector p\u00fablico y privado, y permite que los comercios adheridos puedan activar el bot\u00f3n antip\u00e1nico en caso de emergencia, conect\u00e1ndose de forma directa con el SAE 911. Gracias a la tecnolog\u00eda avanzada del sistema, al presionar el bot\u00f3n se puede identificar en tiempo real la ubicaci\u00f3n precisa del comercio, facilitando as\u00ed una respuesta r\u00e1pida y eficaz por parte de la polic\u00eda.<\/p>\n<p>Al finalizar la conferencia de prensa, los comerciantes presentes participaron en una capacitaci\u00f3n brindada por el personal del SAE sobre el uso de la aplicaci\u00f3n m\u00f3vil asociada al bot\u00f3n antip\u00e1nico, optimizando el uso de esta herramienta de seguridad en sus locales.<\/p>\n","protected":false},"excerpt":{"rendered":"<p>&nbsp; Esta ma\u00f1ana, en la sede de la Uni\u00f3n Comercial de Catamarca (UCC), el Ministerio de Seguridad present\u00f3 junto a la UCC el nuevo bot\u00f3n antip\u00e1nico para comercios, una herramienta dise\u00f1ada para mejorar la respuesta ante situaciones de emergencia en los establecimientos comerciales. El acto cont\u00f3 con la presencia de la ministra de Seguridad, Fabiola [&hellip;]<\/p>\n","protected":false},"author":2,"featured_media":3036,"comment_status":"open","ping_status":"open","sticky":false,"template":"","format":"standard","meta":{"footnotes":""},"categories":[27],"tags":[],"class_list":{"0":"post-3035","1":"post","2":"type-post","3":"status-publish","4":"format-standard","5":"has-post-thumbnail","7":"category-policiales"},"aioseo_notices":[],"_links":{"self":[{"href":"https:\/\/elfaroonline.com.ar\/index.php\/wp-json\/wp\/v2\/posts\/3035","targetHints":{"allow":["GET"]}}],"collection":[{"href":"https:\/\/elfaroonline.com.ar\/index.php\/wp-json\/wp\/v2\/posts"}],"about":[{"href":"https:\/\/elfaroonline.com.ar\/index.php\/wp-json\/wp\/v2\/types\/post"}],"author":[{"embeddable":true,"href":"https:\/\/elfaroonline.com.ar\/index.php\/wp-json\/wp\/v2\/users\/2"}],"replies":[{"embeddable":true,"href":"https:\/\/elfaroonline.com.ar\/index.php\/wp-json\/wp\/v2\/comments?post=3035"}],"version-history":[{"count":1,"href":"https:\/\/elfaroonline.com.ar\/index.php\/wp-json\/wp\/v2\/posts\/3035\/revisions"}],"predecessor-version":[{"id":3037,"href":"https:\/\/elfaroonline.com.ar\/index.php\/wp-json\/wp\/v2\/posts\/3035\/revisions\/3037"}],"wp:featuredmedia":[{"embeddable":true,"href":"https:\/\/elfaroonline.com.ar\/index.php\/wp-json\/wp\/v2\/media\/3036"}],"wp:attachment":[{"href":"https:\/\/elfaroonline.com.ar\/index.php\/wp-json\/wp\/v2\/media?parent=3035"}],"wp:term":[{"taxonomy":"category","embeddable":true,"href":"https:\/\/elfaroonline.com.ar\/index.php\/wp-json\/wp\/v2\/categories?post=3035"},{"taxonomy":"post_tag","embeddable":true,"href":"https:\/\/elfaroonline.com.ar\/index.php\/wp-json\/wp\/v2\/tags?post=3035"}],"curies":[{"name":"wp","href":"https:\/\/api.w.org\/{rel}","templated":true}]}}