{"id":304,"date":"2024-04-20T11:03:44","date_gmt":"2024-04-20T14:03:44","guid":{"rendered":"https:\/\/elfaroonline.com.ar\/?p=304"},"modified":"2024-04-20T11:03:44","modified_gmt":"2024-04-20T14:03:44","slug":"perdidas-millonarias-en-la-produccion-de-maiz","status":"publish","type":"post","link":"https:\/\/elfaroonline.com.ar\/index.php\/2024\/04\/20\/perdidas-millonarias-en-la-produccion-de-maiz\/","title":{"rendered":"P\u00e9rdidas millonarias en la producci\u00f3n de ma\u00edz"},"content":{"rendered":"<div>\n<p class=\"v1MsoNormal\"><i>Enfrentando una crisis sin precedentes, las enfermedades transmitidas por la chicharrita est\u00e1n causando p\u00e9rdidas en la producci\u00f3n de ma\u00edz. Seg\u00fan advierten t\u00e9cnicos y autoridades de la cartera productiva, la ca\u00edda en la producci\u00f3n representa el 90% del total, lo que afecta gravemente la rentabilidad de los productores. <\/i><\/p>\n<p class=\"v1MsoNormal\">\n<p class=\"v1MsoNormal\">La emergencia agr\u00edcola en Catamarca debido a la plaga de chicharrita del ma\u00edz genera un impacto devastador en la producci\u00f3n local. Con miles de hect\u00e1reas afectadas en la zona n\u00facleo del departamento Santa Rosa, los productores de Ba\u00f1ado de Ovanta y Los Altos, se enfrentan a p\u00e9rdidas significativas. Adem\u00e1s localidades como El Alto, Singuil, Pacl\u00edn, Aconquija, tambi\u00e9n se vieron afectadas. La p\u00e9rdida estimada representa un duro golpe para la producci\u00f3n agr\u00edcola de la provincia.<\/p>\n<p class=\"v1MsoNormal\">Ante esta situaci\u00f3n cr\u00edtica, el Ministerio de Inclusi\u00f3n Digital y Sistemas Productivos, a cargo de Juan Cruz Miranda, en un trabajo interinstitucional con el Instituto Nacional de Tecnolog\u00eda agropecuaria (INTA), municipios afectados y especialistas, buscan soluciones urgentes para mitigar el da\u00f1o y recuperarse de esta crisis. Se est\u00e1n realizando relevamientos exhaustivos que arrojan hasta un 90% de afectaci\u00f3n y el amplio abanico de niveles de severidad. En las \u00faltimas semanas, los reportes de productores comenzaron a aumentar y se estima que hasta 30.000 hect\u00e1reas han sido afectadas.<\/p>\n<p class=\"v1MsoNormal\">La p\u00e9rdida estimada se acerca a los 40 millones de d\u00f3lares que representan un duro golpe para la producci\u00f3n agr\u00edcola de la provincia, este escenario obliga a buscar soluciones urgentes para mitigar el da\u00f1o.<\/p>\n<p class=\"v1MsoNormal\">El Spiroplasma kunkelli, es una enfermedad t\u00edpica, pero que no siempre se presenta de la misma manera. La bacteria transmitida por el insecto chicharrita Dalbulus maidis causa el achaparramiento del ma\u00edz y provoca s\u00edntomas graves como la presencia de multiespigas inf\u00e9rtiles que no producen pr\u00e1cticamente grano y la prematura muerte de las plantas.<\/p>\n<p class=\"v1MsoNormal\">\n<p class=\"v1MsoNormal\">Juan Cruz Miranda destac\u00f3 que estar\u00e1n alertas y avanzar\u00e1n en los relevamientos en el invierno para verificar la supervivencia del vector. &#8220;En este contexto, es crucial que las autoridades nacionales, provinciales y municipales, junto a los agricultores y otros actores relevantes del sector trabajemos en conjunto y de manera coordinada para superar esta crisis&#8221;, afirm\u00f3.<\/p>\n<\/div>\n","protected":false},"excerpt":{"rendered":"<p>Enfrentando una crisis sin precedentes, las enfermedades transmitidas por la chicharrita est\u00e1n causando p\u00e9rdidas en la producci\u00f3n de ma\u00edz. Seg\u00fan advierten t\u00e9cnicos y autoridades de la cartera productiva, la ca\u00edda en la producci\u00f3n representa el 90% del total, lo que afecta gravemente la rentabilidad de los productores. La emergencia agr\u00edcola en Catamarca debido a la [&hellip;]<\/p>\n","protected":false},"author":2,"featured_media":305,"comment_status":"open","ping_status":"open","sticky":false,"template":"","format":"standard","meta":{"footnotes":""},"categories":[20],"tags":[],"class_list":{"0":"post-304","1":"post","2":"type-post","3":"status-publish","4":"format-standard","5":"has-post-thumbnail","7":"category-sociedad"},"aioseo_notices":[],"_links":{"self":[{"href":"https:\/\/elfaroonline.com.ar\/index.php\/wp-json\/wp\/v2\/posts\/304","targetHints":{"allow":["GET"]}}],"collection":[{"href":"https:\/\/elfaroonline.com.ar\/index.php\/wp-json\/wp\/v2\/posts"}],"about":[{"href":"https:\/\/elfaroonline.com.ar\/index.php\/wp-json\/wp\/v2\/types\/post"}],"author":[{"embeddable":true,"href":"https:\/\/elfaroonline.com.ar\/index.php\/wp-json\/wp\/v2\/users\/2"}],"replies":[{"embeddable":true,"href":"https:\/\/elfaroonline.com.ar\/index.php\/wp-json\/wp\/v2\/comments?post=304"}],"version-history":[{"count":1,"href":"https:\/\/elfaroonline.com.ar\/index.php\/wp-json\/wp\/v2\/posts\/304\/revisions"}],"predecessor-version":[{"id":306,"href":"https:\/\/elfaroonline.com.ar\/index.php\/wp-json\/wp\/v2\/posts\/304\/revisions\/306"}],"wp:featuredmedia":[{"embeddable":true,"href":"https:\/\/elfaroonline.com.ar\/index.php\/wp-json\/wp\/v2\/media\/305"}],"wp:attachment":[{"href":"https:\/\/elfaroonline.com.ar\/index.php\/wp-json\/wp\/v2\/media?parent=304"}],"wp:term":[{"taxonomy":"category","embeddable":true,"href":"https:\/\/elfaroonline.com.ar\/index.php\/wp-json\/wp\/v2\/categories?post=304"},{"taxonomy":"post_tag","embeddable":true,"href":"https:\/\/elfaroonline.com.ar\/index.php\/wp-json\/wp\/v2\/tags?post=304"}],"curies":[{"name":"wp","href":"https:\/\/api.w.org\/{rel}","templated":true}]}}