{"id":3041,"date":"2024-11-15T07:31:50","date_gmt":"2024-11-15T10:31:50","guid":{"rendered":"https:\/\/elfaroonline.com.ar\/?p=3041"},"modified":"2024-11-15T07:31:50","modified_gmt":"2024-11-15T10:31:50","slug":"cronograma-de-recoleccion-de-residuos-durante-el-finde-xl","status":"publish","type":"post","link":"https:\/\/elfaroonline.com.ar\/index.php\/2024\/11\/15\/cronograma-de-recoleccion-de-residuos-durante-el-finde-xl\/","title":{"rendered":"Cronograma de recolecci\u00f3n de residuos durante el finde XL"},"content":{"rendered":"<p>&nbsp;<\/p>\n<p dir=\"ltr\">La Subsecretar\u00eda de Higiene Urbana de Municipalidad de la Capital informa a los vecinos el cronograma de servicios para este fin de semana largo (XL), que se llevar\u00e1 a cabo desde el 16 al 18 de noviembre:<\/p>\n<p>&nbsp;<\/p>\n<p dir=\"ltr\">RECOLECCI\u00d3N DE RESIDUOS:<\/p>\n<p dir=\"ltr\">&#8211; S\u00e1bado 16\/11: Servicio normal.<\/p>\n<p dir=\"ltr\">&#8211; Domingo 17\/11: Sin servicio.<\/p>\n<p dir=\"ltr\">&#8211; Lunes 18\/11: Servicio reducido, abarcando el cuadrante comprendido dentro de las cuatro avenidas: Alem, Belgrano, Virgen del Valle y G\u00fcemes.<\/p>\n<p>&nbsp;<\/p>\n<p dir=\"ltr\">BARRIDO Y LIMPIEZA:<\/p>\n<p dir=\"ltr\">Durante el fin de semana, se llevar\u00e1 a cabo el barrido y limpieza del microcentro:<\/p>\n<p dir=\"ltr\">&#8211; S\u00e1bado 16\/11, Domingo 17\/11 y Lunes 18\/11: Barrido de microcentro (desde Jun\u00edn hasta Vicario Segura y desde G\u00fcemes hasta Prado) en dos turnos: de 06:00 a 09:00 horas y de 18:00 a 21:00 horas.<\/p>\n<p dir=\"ltr\">Adem\u00e1s, se realizar\u00e1 barrido y limpieza en puntos estrat\u00e9gicos tur\u00edsticos como La Gruta, El Jumeal, Calvario y La Casa de la Puna.<\/p>\n<p dir=\"ltr\">Los servicios tanto de recolecci\u00f3n como de barrido volver\u00e1n a la normalidad el d\u00eda martes 19\/11\/2024.<\/p>\n","protected":false},"excerpt":{"rendered":"<p>&nbsp; La Subsecretar\u00eda de Higiene Urbana de Municipalidad de la Capital informa a los vecinos el cronograma de servicios para este fin de semana largo (XL), que se llevar\u00e1 a cabo desde el 16 al 18 de noviembre: &nbsp; RECOLECCI\u00d3N DE RESIDUOS: &#8211; S\u00e1bado 16\/11: Servicio normal. &#8211; Domingo 17\/11: Sin servicio. &#8211; Lunes 18\/11: [&hellip;]<\/p>\n","protected":false},"author":2,"featured_media":3042,"comment_status":"open","ping_status":"open","sticky":false,"template":"","format":"standard","meta":{"footnotes":""},"categories":[20],"tags":[],"class_list":{"0":"post-3041","1":"post","2":"type-post","3":"status-publish","4":"format-standard","5":"has-post-thumbnail","7":"category-sociedad"},"aioseo_notices":[],"_links":{"self":[{"href":"https:\/\/elfaroonline.com.ar\/index.php\/wp-json\/wp\/v2\/posts\/3041","targetHints":{"allow":["GET"]}}],"collection":[{"href":"https:\/\/elfaroonline.com.ar\/index.php\/wp-json\/wp\/v2\/posts"}],"about":[{"href":"https:\/\/elfaroonline.com.ar\/index.php\/wp-json\/wp\/v2\/types\/post"}],"author":[{"embeddable":true,"href":"https:\/\/elfaroonline.com.ar\/index.php\/wp-json\/wp\/v2\/users\/2"}],"replies":[{"embeddable":true,"href":"https:\/\/elfaroonline.com.ar\/index.php\/wp-json\/wp\/v2\/comments?post=3041"}],"version-history":[{"count":1,"href":"https:\/\/elfaroonline.com.ar\/index.php\/wp-json\/wp\/v2\/posts\/3041\/revisions"}],"predecessor-version":[{"id":3043,"href":"https:\/\/elfaroonline.com.ar\/index.php\/wp-json\/wp\/v2\/posts\/3041\/revisions\/3043"}],"wp:featuredmedia":[{"embeddable":true,"href":"https:\/\/elfaroonline.com.ar\/index.php\/wp-json\/wp\/v2\/media\/3042"}],"wp:attachment":[{"href":"https:\/\/elfaroonline.com.ar\/index.php\/wp-json\/wp\/v2\/media?parent=3041"}],"wp:term":[{"taxonomy":"category","embeddable":true,"href":"https:\/\/elfaroonline.com.ar\/index.php\/wp-json\/wp\/v2\/categories?post=3041"},{"taxonomy":"post_tag","embeddable":true,"href":"https:\/\/elfaroonline.com.ar\/index.php\/wp-json\/wp\/v2\/tags?post=3041"}],"curies":[{"name":"wp","href":"https:\/\/api.w.org\/{rel}","templated":true}]}}