{"id":3048,"date":"2024-11-17T14:12:24","date_gmt":"2024-11-17T17:12:24","guid":{"rendered":"https:\/\/elfaroonline.com.ar\/?p=3048"},"modified":"2024-11-17T14:12:24","modified_gmt":"2024-11-17T17:12:24","slug":"el-mercado-itinerante-se-presento-en-villa-cubas","status":"publish","type":"post","link":"https:\/\/elfaroonline.com.ar\/index.php\/2024\/11\/17\/el-mercado-itinerante-se-presento-en-villa-cubas\/","title":{"rendered":"El Mercado Itinerante se present\u00f3 en Villa Cubas"},"content":{"rendered":"<p class=\"v1MsoNormal\"><i>En un marco que suma al potencial productivo alimentario de la Agricultura Familiar se present\u00f3 Mercados Itinerantes en el populoso barrio de Villa Cubas. <\/i><\/p>\n<p class=\"v1MsoNormal\">El Ministerio de Inclusi\u00f3n Digital y Sistemas Productivos realiza esfuerzos coordinados mediante la inversi\u00f3n productiva para multiplicar el financiamiento a las Pymes y la inclusi\u00f3n de todos los segmentos productivos. Mercados Itinerantes se consolida una vez m\u00e1s como una iniciativa interministerial que impulsa circuitos cortos de comercializaci\u00f3n y establece el desarrollo de relaciones de proximidad con consumidores finales sin intermediarios.<\/p>\n<p class=\"v1MsoNormal\">Adem\u00e1s, la cartera de producci\u00f3n, como estrategia para el desarrollo productivo incorpora nuevas tendencias, pone en valor el acervo productivo en l\u00ednea con pol\u00edticas p\u00fablicas, frente a los enormes desaf\u00edos de la sostenibilidad macroecon\u00f3mica actual. Las ferias m\u00f3viles permiten dinamizar la microeconom\u00eda de los territorios donde llega este mercado, un programa que ayuda a mejorar la organizaci\u00f3n de la oferta y, sobre todo; permite mejorar la planificaci\u00f3n y distribuci\u00f3n de productos.<\/p>\n<p class=\"v1MsoNormal\">A trav\u00e9s de la Secretar\u00eda de Coordinaci\u00f3n Institucional, el Dr. Leonardo Zeballos, expres\u00f3 que: &#8220;dinamizar la presencia de productores y emprendedoras en cada nueva edici\u00f3n del Mercado nos permite congeniar la sostenibilidad, por un lado, para reducir el impacto ambiental, por otro, para promover la equidad social y contribuir a la inclusi\u00f3n social en los territorios&#8221;.<\/p>\n<p class=\"v1MsoNormal\">De esta manera, el Gobierno Provincial a trav\u00e9s del Ministerio de Inclusi\u00f3n Digital y Sistemas Productivos sigue trabajando para impulsar la econom\u00eda circular, acompa\u00f1ando con capacitaci\u00f3n y financiamiento a las Pymes, promoviendo la inclusi\u00f3n digital, los espacios de consulta y asesoramiento, con el objetivo de vincular la oferta de la agricultura familiar en las ventas de cercan\u00eda, como ferias itinerantes y de proximidad, en la provincia.<\/p>\n","protected":false},"excerpt":{"rendered":"<p>En un marco que suma al potencial productivo alimentario de la Agricultura Familiar se present\u00f3 Mercados Itinerantes en el populoso barrio de Villa Cubas. El Ministerio de Inclusi\u00f3n Digital y Sistemas Productivos realiza esfuerzos coordinados mediante la inversi\u00f3n productiva para multiplicar el financiamiento a las Pymes y la inclusi\u00f3n de todos los segmentos productivos. Mercados [&hellip;]<\/p>\n","protected":false},"author":2,"featured_media":3049,"comment_status":"open","ping_status":"open","sticky":false,"template":"","format":"standard","meta":{"footnotes":""},"categories":[23,20],"tags":[],"class_list":{"0":"post-3048","1":"post","2":"type-post","3":"status-publish","4":"format-standard","5":"has-post-thumbnail","7":"category-destacados","8":"category-sociedad"},"aioseo_notices":[],"_links":{"self":[{"href":"https:\/\/elfaroonline.com.ar\/index.php\/wp-json\/wp\/v2\/posts\/3048","targetHints":{"allow":["GET"]}}],"collection":[{"href":"https:\/\/elfaroonline.com.ar\/index.php\/wp-json\/wp\/v2\/posts"}],"about":[{"href":"https:\/\/elfaroonline.com.ar\/index.php\/wp-json\/wp\/v2\/types\/post"}],"author":[{"embeddable":true,"href":"https:\/\/elfaroonline.com.ar\/index.php\/wp-json\/wp\/v2\/users\/2"}],"replies":[{"embeddable":true,"href":"https:\/\/elfaroonline.com.ar\/index.php\/wp-json\/wp\/v2\/comments?post=3048"}],"version-history":[{"count":1,"href":"https:\/\/elfaroonline.com.ar\/index.php\/wp-json\/wp\/v2\/posts\/3048\/revisions"}],"predecessor-version":[{"id":3050,"href":"https:\/\/elfaroonline.com.ar\/index.php\/wp-json\/wp\/v2\/posts\/3048\/revisions\/3050"}],"wp:featuredmedia":[{"embeddable":true,"href":"https:\/\/elfaroonline.com.ar\/index.php\/wp-json\/wp\/v2\/media\/3049"}],"wp:attachment":[{"href":"https:\/\/elfaroonline.com.ar\/index.php\/wp-json\/wp\/v2\/media?parent=3048"}],"wp:term":[{"taxonomy":"category","embeddable":true,"href":"https:\/\/elfaroonline.com.ar\/index.php\/wp-json\/wp\/v2\/categories?post=3048"},{"taxonomy":"post_tag","embeddable":true,"href":"https:\/\/elfaroonline.com.ar\/index.php\/wp-json\/wp\/v2\/tags?post=3048"}],"curies":[{"name":"wp","href":"https:\/\/api.w.org\/{rel}","templated":true}]}}