{"id":3051,"date":"2024-11-17T14:17:10","date_gmt":"2024-11-17T17:17:10","guid":{"rendered":"https:\/\/elfaroonline.com.ar\/?p=3051"},"modified":"2024-11-17T14:17:10","modified_gmt":"2024-11-17T17:17:10","slug":"se-construye-un-camino-alternativo-entre-el-durazno-y-el-tolar","status":"publish","type":"post","link":"https:\/\/elfaroonline.com.ar\/index.php\/2024\/11\/17\/se-construye-un-camino-alternativo-entre-el-durazno-y-el-tolar\/","title":{"rendered":"Se construye un camino alternativo entre El Durazno y El Tolar"},"content":{"rendered":"<p class=\"v1MsoNormal\">El Gobierno provincial contin\u00faa trabajando en la mejora de la infraestructura vial en el Norte de Bel\u00e9n y, en este contexto, el Ministerio de Infraestructura y Obras Civiles se encuentra realizando intervenciones en un camino alternativo desde El Durazno a El Tolar.<\/p>\n<p class=\"v1MsoNormal\">El intendente de Puerta de Corral Quemado, Carlos Casimiro destac\u00f3 el trabajo conjunto que se viene realizando con el Gobierno provincial para mejorar los caminos y accesos en la jurisdicci\u00f3n. &#8220;Estamos acordando trabajo en conjunto, como ser un camino alternativo que va desde El Durazno hacia El Tolar&#8221;, indic\u00f3.<\/p>\n<p class=\"v1MsoNormal\">En una reuni\u00f3n que tuvo lugar d\u00edas atr\u00e1s en Casa de Gobierno, el gobernador Ra\u00fal Jalil comprometi\u00f3 otorgar un aporte adicional de $15 millones de pesos al municipio para cubrir los gastos de dicha intervenci\u00f3n, puesto que el proyecto permitir\u00e1 una conexi\u00f3n alternativa al camino que se construye desde el Chist\u00edn a El Tolar.<\/p>\n<p class=\"v1MsoNormal\">Adem\u00e1s, en el encuentro dialogaron sobre otros proyectos de infraestructura que se desarrollar\u00e1n en el corto y mediano plazo, incluyendo la Ruta Provincial N\u00b0223 que conecta La Puerta de Corral Quemado con El Durazno, para dejar una conexi\u00f3n completa Puerta de Corral Quemado-El Durazno-El Tolar.<\/p>\n<p class=\"v1MsoNormal\">&#8220;Vamos a seguir trabajando en conjunto con el gobierno, y ojal\u00e1 hasta diciembre podamos estar llegando m\u00e1s r\u00e1pido al paraje El Tolar por El Durazno&#8221;, cerr\u00f3 Casimiro. En este marco, desde el Ministerio de Infraestructura y Obras Civiles ya se envi\u00f3 maquinaria para avanzar con los primeros trabajos.<\/p>\n","protected":false},"excerpt":{"rendered":"<p>El Gobierno provincial contin\u00faa trabajando en la mejora de la infraestructura vial en el Norte de Bel\u00e9n y, en este contexto, el Ministerio de Infraestructura y Obras Civiles se encuentra realizando intervenciones en un camino alternativo desde El Durazno a El Tolar. El intendente de Puerta de Corral Quemado, Carlos Casimiro destac\u00f3 el trabajo conjunto [&hellip;]<\/p>\n","protected":false},"author":2,"featured_media":3052,"comment_status":"open","ping_status":"open","sticky":false,"template":"","format":"standard","meta":{"footnotes":""},"categories":[23,21],"tags":[],"class_list":{"0":"post-3051","1":"post","2":"type-post","3":"status-publish","4":"format-standard","5":"has-post-thumbnail","7":"category-destacados","8":"category-politica"},"aioseo_notices":[],"_links":{"self":[{"href":"https:\/\/elfaroonline.com.ar\/index.php\/wp-json\/wp\/v2\/posts\/3051","targetHints":{"allow":["GET"]}}],"collection":[{"href":"https:\/\/elfaroonline.com.ar\/index.php\/wp-json\/wp\/v2\/posts"}],"about":[{"href":"https:\/\/elfaroonline.com.ar\/index.php\/wp-json\/wp\/v2\/types\/post"}],"author":[{"embeddable":true,"href":"https:\/\/elfaroonline.com.ar\/index.php\/wp-json\/wp\/v2\/users\/2"}],"replies":[{"embeddable":true,"href":"https:\/\/elfaroonline.com.ar\/index.php\/wp-json\/wp\/v2\/comments?post=3051"}],"version-history":[{"count":1,"href":"https:\/\/elfaroonline.com.ar\/index.php\/wp-json\/wp\/v2\/posts\/3051\/revisions"}],"predecessor-version":[{"id":3053,"href":"https:\/\/elfaroonline.com.ar\/index.php\/wp-json\/wp\/v2\/posts\/3051\/revisions\/3053"}],"wp:featuredmedia":[{"embeddable":true,"href":"https:\/\/elfaroonline.com.ar\/index.php\/wp-json\/wp\/v2\/media\/3052"}],"wp:attachment":[{"href":"https:\/\/elfaroonline.com.ar\/index.php\/wp-json\/wp\/v2\/media?parent=3051"}],"wp:term":[{"taxonomy":"category","embeddable":true,"href":"https:\/\/elfaroonline.com.ar\/index.php\/wp-json\/wp\/v2\/categories?post=3051"},{"taxonomy":"post_tag","embeddable":true,"href":"https:\/\/elfaroonline.com.ar\/index.php\/wp-json\/wp\/v2\/tags?post=3051"}],"curies":[{"name":"wp","href":"https:\/\/api.w.org\/{rel}","templated":true}]}}