{"id":3054,"date":"2024-11-17T14:22:25","date_gmt":"2024-11-17T17:22:25","guid":{"rendered":"https:\/\/elfaroonline.com.ar\/?p=3054"},"modified":"2024-11-17T14:22:25","modified_gmt":"2024-11-17T17:22:25","slug":"aprehenden-a-tres-personas-y-secuestran-cueros-de-vicuna-y-armas-de-fuego-en-antofagasta-de-las-sierra","status":"publish","type":"post","link":"https:\/\/elfaroonline.com.ar\/index.php\/2024\/11\/17\/aprehenden-a-tres-personas-y-secuestran-cueros-de-vicuna-y-armas-de-fuego-en-antofagasta-de-las-sierra\/","title":{"rendered":"Aprehenden a tres personas y secuestran cueros de vicu\u00f1a y armas de fuego en Antofagasta de las Sierra"},"content":{"rendered":"<p>Anoche, a las 21:50, un efectivo de la Subcomisaria de El Pe\u00f1\u00f3n, observo una camioneta Toyota Hilux en actitud sospechosa y al controlarla, constat\u00f3 que se conducian siete personas mayores y menores de edad. Al inspeccionar el rodado, observ\u00f3 que en la caja llevaba once (11) cueros de vicu\u00f1a, producto de una caza furtiva, siete (07) animales faenados, dos (02) rifles calibre 22 con 153 cartuchos, un (01) binocular y elementos de faena, que quedaron en calidad.<br \/>\nCabe se\u00f1alar, que por esta causa fueron aprehendidas tres personas, un hombre de apellido Alancay, dos j\u00f3venes de apellidos Suarez oriundos de la provincia de Salta, quienes fueron trasladados a la seccional. El hecho fue puesto en conocimiento de la Fiscal\u00eda de la Cuarta Circunscripci\u00f3n Judicial, desde donde se indicaron las medidas a seguir y a la Direcci\u00f3n de Flora y Fauna de la Provincia.<br \/>\nEn cuanto a los menores de edad, los mismos quedaron a cargo de la Oficina de Salud Desarrollo Humano y Pol\u00edticas de la Delegaci\u00f3n municipal El Pe\u00f1\u00f3n.<\/p>\n","protected":false},"excerpt":{"rendered":"<p>Anoche, a las 21:50, un efectivo de la Subcomisaria de El Pe\u00f1\u00f3n, observo una camioneta Toyota Hilux en actitud sospechosa y al controlarla, constat\u00f3 que se conducian siete personas mayores y menores de edad. Al inspeccionar el rodado, observ\u00f3 que en la caja llevaba once (11) cueros de vicu\u00f1a, producto de una caza furtiva, siete [&hellip;]<\/p>\n","protected":false},"author":2,"featured_media":3055,"comment_status":"open","ping_status":"open","sticky":false,"template":"","format":"standard","meta":{"footnotes":""},"categories":[27],"tags":[],"class_list":{"0":"post-3054","1":"post","2":"type-post","3":"status-publish","4":"format-standard","5":"has-post-thumbnail","7":"category-policiales"},"aioseo_notices":[],"_links":{"self":[{"href":"https:\/\/elfaroonline.com.ar\/index.php\/wp-json\/wp\/v2\/posts\/3054","targetHints":{"allow":["GET"]}}],"collection":[{"href":"https:\/\/elfaroonline.com.ar\/index.php\/wp-json\/wp\/v2\/posts"}],"about":[{"href":"https:\/\/elfaroonline.com.ar\/index.php\/wp-json\/wp\/v2\/types\/post"}],"author":[{"embeddable":true,"href":"https:\/\/elfaroonline.com.ar\/index.php\/wp-json\/wp\/v2\/users\/2"}],"replies":[{"embeddable":true,"href":"https:\/\/elfaroonline.com.ar\/index.php\/wp-json\/wp\/v2\/comments?post=3054"}],"version-history":[{"count":1,"href":"https:\/\/elfaroonline.com.ar\/index.php\/wp-json\/wp\/v2\/posts\/3054\/revisions"}],"predecessor-version":[{"id":3056,"href":"https:\/\/elfaroonline.com.ar\/index.php\/wp-json\/wp\/v2\/posts\/3054\/revisions\/3056"}],"wp:featuredmedia":[{"embeddable":true,"href":"https:\/\/elfaroonline.com.ar\/index.php\/wp-json\/wp\/v2\/media\/3055"}],"wp:attachment":[{"href":"https:\/\/elfaroonline.com.ar\/index.php\/wp-json\/wp\/v2\/media?parent=3054"}],"wp:term":[{"taxonomy":"category","embeddable":true,"href":"https:\/\/elfaroonline.com.ar\/index.php\/wp-json\/wp\/v2\/categories?post=3054"},{"taxonomy":"post_tag","embeddable":true,"href":"https:\/\/elfaroonline.com.ar\/index.php\/wp-json\/wp\/v2\/tags?post=3054"}],"curies":[{"name":"wp","href":"https:\/\/api.w.org\/{rel}","templated":true}]}}