{"id":3058,"date":"2024-11-18T09:07:27","date_gmt":"2024-11-18T12:07:27","guid":{"rendered":"https:\/\/elfaroonline.com.ar\/?p=3058"},"modified":"2024-11-18T09:07:27","modified_gmt":"2024-11-18T12:07:27","slug":"con-espacios-renovados-reabre-la-biblioteca-provincial-dr-julio-herrera","status":"publish","type":"post","link":"https:\/\/elfaroonline.com.ar\/index.php\/2024\/11\/18\/con-espacios-renovados-reabre-la-biblioteca-provincial-dr-julio-herrera\/","title":{"rendered":"Con espacios renovados, reabre la Biblioteca Provincial Dr. Julio Herrera"},"content":{"rendered":"<p class=\"v1MsoNormal\">La Biblioteca Provincial Dr. Julio Herrera reabre sus puertas al p\u00fablico este martes 19 de noviembre a las 19 horas, con una ceremonia que presentar\u00e1 el recuperado espacio hist\u00f3rico y representar\u00e1 la reapertura de la \u00fanica biblioteca provincial, tras una importante obra de puesta en valor de su arquitectura.<\/p>\n<p class=\"v1MsoNormal\">Este emblem\u00e1tico edificio, donde funcion\u00f3 originalmente la Escuela de Varones Francisco Gal\u00edndez, es parte del gran legado arquitect\u00f3nico que dej\u00f3 el arquitecto italiano Luis Caravati y data de 1872. Esta obra fue encarada con el objetivo de recuperar su tipolog\u00eda original y fue meticulosamente recuperada y restaurada, destacando su valor arquitect\u00f3nico y cultural.<\/p>\n<p class=\"v1MsoNormal\">La recuperaci\u00f3n integral del edificio respeta su riqueza patrimonial permitiendo a la biblioteca desarrollarse en toda la superficie del mismo, reocupando as\u00ed el esplendor de sus espacios y fortaleciendo su funcionalidad para el servicio p\u00fablico.\u00a0\u00a0\u00a0\u00a0\u00a0\u00a0\u00a0\u00a0\u00a0\u00a0\u00a0\u00a0\u00a0\u00a0 La fachada recobra su elegancia devolviendo a la ciudad la belleza y elegancia de un edificio de caracter\u00edsticas est\u00e9ticas \u00fanicas.<\/p>\n<p class=\"v1MsoNormal\">La restauraci\u00f3n de la biblioteca incluye nuevos y mejorados espacios: una nueva sala de lectura donde predomina una intensa y clara iluminaci\u00f3n natural, \u00f3ptima para generar un espacio de concentraci\u00f3n y retiro, dise\u00f1ada para ofrecer un ambiente sereno y de menor contaminaci\u00f3n sonora; un auditorio con capacidad para 70 personas, destinado a actividades culturales y eventos; y una secci\u00f3n dedicada a la promoci\u00f3n de la producci\u00f3n literaria y cient\u00edfica local. Tambi\u00e9n incluye una tienda de libros de autores catamarque\u00f1os, donde se podr\u00e1 acceder a las novedades editoriales y recomendaciones.<\/p>\n<p class=\"v1MsoNormal\">Adem\u00e1s, la biblioteca ofrece una amplia gama de servicios renovados como cat\u00e1logos en l\u00ednea, un sistema de pr\u00e9stamo domiciliario para socios (previo reempadronamiento) y wifi de acceso gratuito. Tambi\u00e9n se incorporaron espacios de lectura al aire libre, con la recuperaci\u00f3n de las galer\u00edas y patios que rodean a la nave principal del edificio.<\/p>\n<p class=\"v1MsoNormal\">Desde su creaci\u00f3n, el 25 de mayo de 1895 durante el mandato del exgobernador Julio Herrera, la Biblioteca Provincial fue un baluarte en la protecci\u00f3n del patrimonio documental de la provincia, constantemente consultada por investigadores, docentes y p\u00fablico en general.<\/p>\n<p class=\"v1MsoNormal\">Entre su acervo bibliogr\u00e1fico, que incluye 36 mil t\u00edtulos, se encuentran ejemplares contempor\u00e1neos, pero tambi\u00e9n obras incunables. Dentro de esa colecci\u00f3n est\u00e1 el sector de autores catamarque\u00f1os, el mayor reservorio de libros de origen local que est\u00e1 disponible para consultas de los usuarios.<\/p>\n<p class=\"v1MsoNormal\">Si bien a\u00fan no se complet\u00f3 la tarea de reubicaci\u00f3n de su reservorio, lo que se concluir\u00e1 en los pr\u00f3ximos meses, desde el mi\u00e9rcoles 20 de noviembre, estar\u00e1 abierta al p\u00fablico en doble turno: de lunes a viernes en el horario de 7.30 a 12.30 y de 14.30 a 20.30 hs.<\/p>\n","protected":false},"excerpt":{"rendered":"<p>La Biblioteca Provincial Dr. Julio Herrera reabre sus puertas al p\u00fablico este martes 19 de noviembre a las 19 horas, con una ceremonia que presentar\u00e1 el recuperado espacio hist\u00f3rico y representar\u00e1 la reapertura de la \u00fanica biblioteca provincial, tras una importante obra de puesta en valor de su arquitectura. Este emblem\u00e1tico edificio, donde funcion\u00f3 originalmente [&hellip;]<\/p>\n","protected":false},"author":2,"featured_media":3059,"comment_status":"open","ping_status":"open","sticky":false,"template":"","format":"standard","meta":{"footnotes":""},"categories":[20],"tags":[],"class_list":{"0":"post-3058","1":"post","2":"type-post","3":"status-publish","4":"format-standard","5":"has-post-thumbnail","7":"category-sociedad"},"aioseo_notices":[],"_links":{"self":[{"href":"https:\/\/elfaroonline.com.ar\/index.php\/wp-json\/wp\/v2\/posts\/3058","targetHints":{"allow":["GET"]}}],"collection":[{"href":"https:\/\/elfaroonline.com.ar\/index.php\/wp-json\/wp\/v2\/posts"}],"about":[{"href":"https:\/\/elfaroonline.com.ar\/index.php\/wp-json\/wp\/v2\/types\/post"}],"author":[{"embeddable":true,"href":"https:\/\/elfaroonline.com.ar\/index.php\/wp-json\/wp\/v2\/users\/2"}],"replies":[{"embeddable":true,"href":"https:\/\/elfaroonline.com.ar\/index.php\/wp-json\/wp\/v2\/comments?post=3058"}],"version-history":[{"count":1,"href":"https:\/\/elfaroonline.com.ar\/index.php\/wp-json\/wp\/v2\/posts\/3058\/revisions"}],"predecessor-version":[{"id":3060,"href":"https:\/\/elfaroonline.com.ar\/index.php\/wp-json\/wp\/v2\/posts\/3058\/revisions\/3060"}],"wp:featuredmedia":[{"embeddable":true,"href":"https:\/\/elfaroonline.com.ar\/index.php\/wp-json\/wp\/v2\/media\/3059"}],"wp:attachment":[{"href":"https:\/\/elfaroonline.com.ar\/index.php\/wp-json\/wp\/v2\/media?parent=3058"}],"wp:term":[{"taxonomy":"category","embeddable":true,"href":"https:\/\/elfaroonline.com.ar\/index.php\/wp-json\/wp\/v2\/categories?post=3058"},{"taxonomy":"post_tag","embeddable":true,"href":"https:\/\/elfaroonline.com.ar\/index.php\/wp-json\/wp\/v2\/tags?post=3058"}],"curies":[{"name":"wp","href":"https:\/\/api.w.org\/{rel}","templated":true}]}}