{"id":3095,"date":"2024-11-20T14:14:59","date_gmt":"2024-11-20T17:14:59","guid":{"rendered":"https:\/\/elfaroonline.com.ar\/?p=3095"},"modified":"2024-11-20T14:14:59","modified_gmt":"2024-11-20T17:14:59","slug":"los-coseguros-de-la-osep-se-congelaran-hasta-marzo-2025","status":"publish","type":"post","link":"https:\/\/elfaroonline.com.ar\/index.php\/2024\/11\/20\/los-coseguros-de-la-osep-se-congelaran-hasta-marzo-2025\/","title":{"rendered":"Los coseguros de la OSEP se congelar\u00e1n hasta marzo 2025"},"content":{"rendered":"<p class=\"v1MsoNormal\">Tras una reuni\u00f3n llevada a cabo en Casa de Gobierno, entre el gobernador Ra\u00fal Jalil y el ministro de Salud, Lucas Zampieri, y el director ejecutivo de OSEP, Leopoldo Marchetti, se dispuso que los valores y costos de los diferentes coseguros que posee la carta de prestaciones de la Obra Social de los Empleados P\u00fablicos de Catamarca (OSEP) se congelar\u00e1n y no sufrir\u00e1n modificaciones hasta marzo de 2025, brindando de esta manera un beneficio directo a los m\u00e1s de 160.000 afiliados que posee la instituci\u00f3n.<\/p>\n<p class=\"v1MsoNormal\">En la oportunidad, el titular de la cartera de Salud, Lucas Zampieri, explic\u00f3 que &#8220;en el di\u00e1logo mantenido con el gobernador Ra\u00fal Jalil se tom\u00f3 la decisi\u00f3n de congelar los coseguros hasta el mes de marzo de 2025, por lo tanto, durante estos pr\u00f3ximos cuatro meses estos valores se mantendr\u00e1n vigentes al costo del d\u00eda de la fecha&#8221;.<\/p>\n<p class=\"v1MsoNormal\">&#8220;Se trata de una buena noticia para todos los afiliados que integran la OSEP, y representa un beneficio directo para los 160.000 afiliados que posee la obra social&#8221;, agreg\u00f3 el funcionario.<\/p>\n<p class=\"v1MsoNormal\">Del encuentro con el mandatario provincial tambi\u00e9n participaron la ministra de Trabajo, Planificaci\u00f3n y Recursos Humanos, Ver\u00f3nica Soria; el asesor general de Gobierno, Nicol\u00e1s Rosales; y la secretaria de Estado de Gabinete, Luz Soria.<\/p>\n","protected":false},"excerpt":{"rendered":"<p>Tras una reuni\u00f3n llevada a cabo en Casa de Gobierno, entre el gobernador Ra\u00fal Jalil y el ministro de Salud, Lucas Zampieri, y el director ejecutivo de OSEP, Leopoldo Marchetti, se dispuso que los valores y costos de los diferentes coseguros que posee la carta de prestaciones de la Obra Social de los Empleados P\u00fablicos [&hellip;]<\/p>\n","protected":false},"author":2,"featured_media":3096,"comment_status":"open","ping_status":"open","sticky":false,"template":"","format":"standard","meta":{"footnotes":""},"categories":[23,21],"tags":[],"class_list":{"0":"post-3095","1":"post","2":"type-post","3":"status-publish","4":"format-standard","5":"has-post-thumbnail","7":"category-destacados","8":"category-politica"},"aioseo_notices":[],"_links":{"self":[{"href":"https:\/\/elfaroonline.com.ar\/index.php\/wp-json\/wp\/v2\/posts\/3095","targetHints":{"allow":["GET"]}}],"collection":[{"href":"https:\/\/elfaroonline.com.ar\/index.php\/wp-json\/wp\/v2\/posts"}],"about":[{"href":"https:\/\/elfaroonline.com.ar\/index.php\/wp-json\/wp\/v2\/types\/post"}],"author":[{"embeddable":true,"href":"https:\/\/elfaroonline.com.ar\/index.php\/wp-json\/wp\/v2\/users\/2"}],"replies":[{"embeddable":true,"href":"https:\/\/elfaroonline.com.ar\/index.php\/wp-json\/wp\/v2\/comments?post=3095"}],"version-history":[{"count":1,"href":"https:\/\/elfaroonline.com.ar\/index.php\/wp-json\/wp\/v2\/posts\/3095\/revisions"}],"predecessor-version":[{"id":3097,"href":"https:\/\/elfaroonline.com.ar\/index.php\/wp-json\/wp\/v2\/posts\/3095\/revisions\/3097"}],"wp:featuredmedia":[{"embeddable":true,"href":"https:\/\/elfaroonline.com.ar\/index.php\/wp-json\/wp\/v2\/media\/3096"}],"wp:attachment":[{"href":"https:\/\/elfaroonline.com.ar\/index.php\/wp-json\/wp\/v2\/media?parent=3095"}],"wp:term":[{"taxonomy":"category","embeddable":true,"href":"https:\/\/elfaroonline.com.ar\/index.php\/wp-json\/wp\/v2\/categories?post=3095"},{"taxonomy":"post_tag","embeddable":true,"href":"https:\/\/elfaroonline.com.ar\/index.php\/wp-json\/wp\/v2\/tags?post=3095"}],"curies":[{"name":"wp","href":"https:\/\/api.w.org\/{rel}","templated":true}]}}