{"id":3098,"date":"2024-11-22T06:56:29","date_gmt":"2024-11-22T09:56:29","guid":{"rendered":"https:\/\/elfaroonline.com.ar\/?p=3098"},"modified":"2024-11-22T06:56:29","modified_gmt":"2024-11-22T09:56:29","slug":"catamarca-presente-en-el-encuentro-nacional-de-organos-de-revision-de-la-ley-de-salud-mental","status":"publish","type":"post","link":"https:\/\/elfaroonline.com.ar\/index.php\/2024\/11\/22\/catamarca-presente-en-el-encuentro-nacional-de-organos-de-revision-de-la-ley-de-salud-mental\/","title":{"rendered":"Catamarca presente en el Encuentro Nacional de \u00d3rganos de Revisi\u00f3n de la Ley de Salud Mental"},"content":{"rendered":"<p class=\"v1MsoNormal\">La provincia de Catamarca particip\u00f3 del Encuentro Nacional de \u00d3rganos de Revisi\u00f3n de la Ley de Salud Mental. El evento se realiz\u00f3 para establecer lineamientos comunes en el desempe\u00f1o de los \u00f3rganos de revisi\u00f3n de salud mental de todo el pa\u00eds, a fin de establecer una perspectiva federal en la defensa de los derechos humanos de las personas usuarias de servicios de salud mental.<\/p>\n<p class=\"v1MsoNormal\">La participaci\u00f3n del \u00d3rgano de Revisi\u00f3n de Salud Mental de Catamarca en este evento representa una oportunidad clave para fortalecer su rol como garante de derechos, promover aprendizajes a partir de las experiencias regionales y contribuir a una perspectiva federal en la implementaci\u00f3n de pol\u00edticas de salud mental inclusivas y efectivas.<\/p>\n<p class=\"v1MsoNormal\">En representaci\u00f3n del \u00d3rgano estuvieron presentes el Dr. Mart\u00edn Peralta, asesor legal, y el t\u00e9cnico Eduardo Soria, miembro del equipo de planificaci\u00f3n, quienes destacaron la importancia de esta instancia para avanzar en la articulaci\u00f3n con otras jurisdicciones y organismos nacionales, enriqueciendo la visi\u00f3n local con enfoques innovadores y mejores pr\u00e1cticas.<\/p>\n<p class=\"v1MsoNormal\">La participaci\u00f3n en este espacio no solo reafirma el compromiso del \u00d3rgano con la protecci\u00f3n de derechos humanos en salud mental, sino que tambi\u00e9n impulsa un cambio social significativo. Este compromiso incluye erradicar los prejuicios y estigmas que rodean la salud mental, promoviendo el protagonismo de las personas usuarias en su proceso de recuperaci\u00f3n y consolidando un enfoque centrado en los derechos y la dignidad de las personas.<\/p>\n<p class=\"v1MsoNormal\">Asimismo, este tipo de encuentros refuerza la capacidad t\u00e9cnica y operativa del equipo, alineando las estrategias locales con los objetivos nacionales para construir un sistema de salud mental m\u00e1s equitativo y accesible en todo el pa\u00eds.<\/p>\n<p class=\"v1MsoNormal\">La mesa de apertura estuvo a cargo de la Defensora General de la Naci\u00f3n, Dra. Stella Maris Mart\u00ednez; del Defensor General de Entre R\u00edos, Dr. Maximiliano Ben\u00edtez; y del especialista en Salud de UNICEF Argentina, Lic. Javier Quesada. Posteriormente se realiz\u00f3 la presentaci\u00f3n del Programa de Capacitaci\u00f3n para Facilitadores en Salud Mental Comunitaria &#8220;Del otro lado&#8221;, junto con la coordinadora del Programa, Dra. Alejandra Barcala.<\/p>\n<p class=\"v1MsoNormal\">En la mesa de Secretar\u00edas Ejecutivas de \u00d3rganos de Revisi\u00f3n de Salud Mental (ORSM) participaron las titulares del \u00d3rgano de Revisi\u00f3n Nacional de Salud Mental, Dra. Mar\u00eda Graciela Iglesias; del ORSM del Chaco, Dra. Carina Sforza; de Chubut, Dra. Susana Garrig\u00f3s; y de Jujuy, Dra. Ana L\u00eda Lambar\u00e9.<\/p>\n<p class=\"v1MsoNormal\">Por la tarde los y las integrantes de ORSM participan de talleres tem\u00e1ticos de intercambio de experiencias.<\/p>\n","protected":false},"excerpt":{"rendered":"<p>La provincia de Catamarca particip\u00f3 del Encuentro Nacional de \u00d3rganos de Revisi\u00f3n de la Ley de Salud Mental. El evento se realiz\u00f3 para establecer lineamientos comunes en el desempe\u00f1o de los \u00f3rganos de revisi\u00f3n de salud mental de todo el pa\u00eds, a fin de establecer una perspectiva federal en la defensa de los derechos humanos [&hellip;]<\/p>\n","protected":false},"author":2,"featured_media":3099,"comment_status":"open","ping_status":"open","sticky":false,"template":"","format":"standard","meta":{"footnotes":""},"categories":[20],"tags":[],"class_list":{"0":"post-3098","1":"post","2":"type-post","3":"status-publish","4":"format-standard","5":"has-post-thumbnail","7":"category-sociedad"},"aioseo_notices":[],"_links":{"self":[{"href":"https:\/\/elfaroonline.com.ar\/index.php\/wp-json\/wp\/v2\/posts\/3098","targetHints":{"allow":["GET"]}}],"collection":[{"href":"https:\/\/elfaroonline.com.ar\/index.php\/wp-json\/wp\/v2\/posts"}],"about":[{"href":"https:\/\/elfaroonline.com.ar\/index.php\/wp-json\/wp\/v2\/types\/post"}],"author":[{"embeddable":true,"href":"https:\/\/elfaroonline.com.ar\/index.php\/wp-json\/wp\/v2\/users\/2"}],"replies":[{"embeddable":true,"href":"https:\/\/elfaroonline.com.ar\/index.php\/wp-json\/wp\/v2\/comments?post=3098"}],"version-history":[{"count":2,"href":"https:\/\/elfaroonline.com.ar\/index.php\/wp-json\/wp\/v2\/posts\/3098\/revisions"}],"predecessor-version":[{"id":3125,"href":"https:\/\/elfaroonline.com.ar\/index.php\/wp-json\/wp\/v2\/posts\/3098\/revisions\/3125"}],"wp:featuredmedia":[{"embeddable":true,"href":"https:\/\/elfaroonline.com.ar\/index.php\/wp-json\/wp\/v2\/media\/3099"}],"wp:attachment":[{"href":"https:\/\/elfaroonline.com.ar\/index.php\/wp-json\/wp\/v2\/media?parent=3098"}],"wp:term":[{"taxonomy":"category","embeddable":true,"href":"https:\/\/elfaroonline.com.ar\/index.php\/wp-json\/wp\/v2\/categories?post=3098"},{"taxonomy":"post_tag","embeddable":true,"href":"https:\/\/elfaroonline.com.ar\/index.php\/wp-json\/wp\/v2\/tags?post=3098"}],"curies":[{"name":"wp","href":"https:\/\/api.w.org\/{rel}","templated":true}]}}