{"id":3101,"date":"2024-11-22T06:56:52","date_gmt":"2024-11-22T09:56:52","guid":{"rendered":"https:\/\/elfaroonline.com.ar\/?p=3101"},"modified":"2024-11-22T06:56:52","modified_gmt":"2024-11-22T09:56:52","slug":"economia-presento-el-proyecto-de-presupuesto-2025-para-su-tratamiento-legislativo","status":"publish","type":"post","link":"https:\/\/elfaroonline.com.ar\/index.php\/2024\/11\/22\/economia-presento-el-proyecto-de-presupuesto-2025-para-su-tratamiento-legislativo\/","title":{"rendered":"Econom\u00eda present\u00f3 el proyecto de Presupuesto 2025 para su tratamiento legislativo"},"content":{"rendered":"<p class=\"v1MsoNormal\"><i>Es un 106,4% superior al actual y sigue las pautas macroecon\u00f3micas que orientan la econom\u00eda, respeta pautas de cumplimiento fiscal comprometidas por Ley y prev\u00e9 fondos para mantener la obra p\u00fablica en la provincia.<\/i><\/p>\n<p class=\"v1MsoNormal\">De acuerdo con lo prescripto por el Art\u00edculo 149\u00ba inciso 6\u00ba de la Constituci\u00f3n Provincial, el Ministerio de Econom\u00eda de la provincia present\u00f3 en tiempo y forma el proyecto de ley que trata el Presupuesto de Recursos y Gastos de la Administraci\u00f3n Central, organismos descentralizados e instituciones de la Seguridad Social de la provincia de Catamarca para el ejercicio 2025. El citado art\u00edculo obliga al gobernador de la provincia a cumplir con este requisito &#8220;antes de expirar el periodo ordinario de sesiones&#8221; de la Legislatura. Inclusive la Ley de Administraci\u00f3n Financiera N \u00ba 4.938 en su Art\u00edculo 24\u00ba, que reglamenta este precepto, indica como fecha tope de presentaci\u00f3n el 30 de noviembre de cada a\u00f1o.<\/p>\n<p class=\"v1MsoNormal\">Con el dise\u00f1o del actual Presupuesto, el Gobierno provincial procurar\u00e1 mantener la inversi\u00f3n en obra p\u00fablica, en contrapeso a la pol\u00edtica nacional. Al respecto, el gobernador Ra\u00fal Jalil se\u00f1al\u00f3 en recientes declaraciones p\u00fablicas que &#8220;Gobernar es hacer obras&#8221;, subrayando con claridad el sentido de esta pol\u00edtica de su gesti\u00f3n.<\/p>\n<p class=\"v1MsoNormal\">De acuerdo con lo informado por el Ministerio de Econom\u00eda, el actual proyecto fija en su Art\u00edculo Primero la suma de $ 2.119.044.470.854 (Pesos dos billones ciento diecinueve mil cuarenta y cuatro millones cuatrocientos setenta mil ochocientos cincuenta y cuatro) para hacer frente a los Gastos Corrientes y de Capital para el Ejercicio 2025, es decir un 106,4 % m\u00e1s respecto del Presupuesto que todav\u00eda est\u00e1 en ejecuci\u00f3n. La previsi\u00f3n de erogaciones para el pr\u00f3ximo a\u00f1o es del 78,8 % para Gastos Corrientes ($1,66 billones) y el 21,2% restante ser\u00e1 destinado a Gastos de Capital ($ 450 mil millones).<\/p>\n<p class=\"v1MsoNormal\">Respecto de los recursos tributarios estimados que ingresar\u00e1n durante el 2025 se totalizan $ <a href=\"tel:1.973.664.350.039\">1.973.664.350.039<\/a> lo que implica un incremento del 96,1% del mismo concepto en 2024. Otro dato que resulta interesante de conocer es que, al contabilizar los ingresos efectivos que obtuvo la provincia hasta octubre de 2024 \u00e9stos suman un valor de $ 1.151.666 millones, por lo que lo estipulado en el proyecto enviado a la Legislatura lo supera en un 71,4%.<\/p>\n<p class=\"v1MsoNormal\"><b>Condiciones macroecon\u00f3micas globales y nacionales<\/b><\/p>\n<p class=\"v1MsoNormal\">En l\u00edneas generales, el presupuesto provincial fue elaborado siguiendo las pautas macroecon\u00f3micas que involucran el desarrollo de la provincia y la necesidad de adecuarse a lo que dispone el R\u00e9gimen Federal de Responsabilidad Fiscal, Ley Nacional N \u00ba 25.917, a la que adhiere Catamarca.<\/p>\n<p class=\"v1MsoNormal\">De tal manera, se toma como referencia global el valor estable del crecimiento mundial en el periodo interanual 2024-2025, la desaceleraci\u00f3n de la inflaci\u00f3n mundial que contribuy\u00f3 a mejorar el consumo familiar y a equilibrar la incertidumbre del Sector Financiero por efecto de las guerras que suceden en Oriente Medio y Europa.<\/p>\n<p class=\"v1MsoNormal\">En la misma l\u00ednea, el Gobierno nacional centra su pol\u00edtica econ\u00f3mica en el equilibrio financiero del Sector P\u00fablico No Financiero con medidas de eliminaci\u00f3n del financiamiento v\u00eda endeudamiento neto o emisi\u00f3n monetaria, y la desburocratizaci\u00f3n y simplificaci\u00f3n de las transacciones comerciales y econ\u00f3micas. Al mismo tiempo, genera un marco normativo propicio para la inversi\u00f3n privada como motor de la generaci\u00f3n de empleo y riqueza, con la Ley Bases, el paquete fiscal y el R.I.G.I., entre otras.<\/p>\n<p class=\"v1MsoNormal\"><b>Crecimiento interanual<\/b><\/p>\n<p class=\"v1MsoNormal\">En cuanto a la gesti\u00f3n fiscal y financiera provincial del presente a\u00f1o, totalizados al mes de octubre pasado, el informe que acompa\u00f1a al proyecto, se\u00f1ala que &#8220;los recursos totales de la provincia de Catamarca ascienden a $ 1,15 billones, lo que denota un crecimiento en relaci\u00f3n con los obtenidos en 2023 de un 172,38% interanual&#8221;.<\/p>\n<p class=\"v1MsoNormal\">El mismo informe destaca el crecimiento de los ingresos tributarios (+210,57%), relativizando la cifra en virtud de los elevados \u00edndices inflacionarios del periodo, pero destacando, asimismo, que esto mismo impacta en lo recaudado. Tambi\u00e9n destaca la incidencia de la tendencia creciente en recursos de capital, siendo la &#8220;Disminuci\u00f3n de la inversi\u00f3n financiera&#8221; la partida que m\u00e1s vari\u00f3, tanto en lo porcentual como en lo monetario&#8221;. Dicha variaci\u00f3n se explica por la necesidad del gobierno provincial de obtener &#8220;liquidez&#8221; para poder afrontar los gastos de capital en funci\u00f3n de la abrupta ca\u00edda de las transferencias que enviaba el Gobierno Nacional.<\/p>\n","protected":false},"excerpt":{"rendered":"<p>Es un 106,4% superior al actual y sigue las pautas macroecon\u00f3micas que orientan la econom\u00eda, respeta pautas de cumplimiento fiscal comprometidas por Ley y prev\u00e9 fondos para mantener la obra p\u00fablica en la provincia. De acuerdo con lo prescripto por el Art\u00edculo 149\u00ba inciso 6\u00ba de la Constituci\u00f3n Provincial, el Ministerio de Econom\u00eda de la [&hellip;]<\/p>\n","protected":false},"author":2,"featured_media":3102,"comment_status":"open","ping_status":"open","sticky":false,"template":"","format":"standard","meta":{"footnotes":""},"categories":[23,21],"tags":[],"class_list":{"0":"post-3101","1":"post","2":"type-post","3":"status-publish","4":"format-standard","5":"has-post-thumbnail","7":"category-destacados","8":"category-politica"},"aioseo_notices":[],"_links":{"self":[{"href":"https:\/\/elfaroonline.com.ar\/index.php\/wp-json\/wp\/v2\/posts\/3101","targetHints":{"allow":["GET"]}}],"collection":[{"href":"https:\/\/elfaroonline.com.ar\/index.php\/wp-json\/wp\/v2\/posts"}],"about":[{"href":"https:\/\/elfaroonline.com.ar\/index.php\/wp-json\/wp\/v2\/types\/post"}],"author":[{"embeddable":true,"href":"https:\/\/elfaroonline.com.ar\/index.php\/wp-json\/wp\/v2\/users\/2"}],"replies":[{"embeddable":true,"href":"https:\/\/elfaroonline.com.ar\/index.php\/wp-json\/wp\/v2\/comments?post=3101"}],"version-history":[{"count":2,"href":"https:\/\/elfaroonline.com.ar\/index.php\/wp-json\/wp\/v2\/posts\/3101\/revisions"}],"predecessor-version":[{"id":3126,"href":"https:\/\/elfaroonline.com.ar\/index.php\/wp-json\/wp\/v2\/posts\/3101\/revisions\/3126"}],"wp:featuredmedia":[{"embeddable":true,"href":"https:\/\/elfaroonline.com.ar\/index.php\/wp-json\/wp\/v2\/media\/3102"}],"wp:attachment":[{"href":"https:\/\/elfaroonline.com.ar\/index.php\/wp-json\/wp\/v2\/media?parent=3101"}],"wp:term":[{"taxonomy":"category","embeddable":true,"href":"https:\/\/elfaroonline.com.ar\/index.php\/wp-json\/wp\/v2\/categories?post=3101"},{"taxonomy":"post_tag","embeddable":true,"href":"https:\/\/elfaroonline.com.ar\/index.php\/wp-json\/wp\/v2\/tags?post=3101"}],"curies":[{"name":"wp","href":"https:\/\/api.w.org\/{rel}","templated":true}]}}