{"id":3107,"date":"2024-11-22T06:57:44","date_gmt":"2024-11-22T09:57:44","guid":{"rendered":"https:\/\/elfaroonline.com.ar\/?p=3107"},"modified":"2024-11-22T06:57:44","modified_gmt":"2024-11-22T09:57:44","slug":"plan-de-obras-2025-para-la-capital-la-provincia-aportara-financiamiento-por-mas-de-5-500-millones","status":"publish","type":"post","link":"https:\/\/elfaroonline.com.ar\/index.php\/2024\/11\/22\/plan-de-obras-2025-para-la-capital-la-provincia-aportara-financiamiento-por-mas-de-5-500-millones\/","title":{"rendered":"Plan de obras 2025 para la Capital: la Provincia aportar\u00e1 financiamiento por m\u00e1s de $5.500 millones"},"content":{"rendered":"<p>&nbsp;<\/p>\n<p>El gobernador Ra\u00fal Jalil y el intendente de la Capital, Gustavo Saadi, rubricaron \u00a0un convenio por el cual se acord\u00f3 la financiaci\u00f3n del Gobierno Provincial para la ejecuci\u00f3n del \u201cPlan de Obras 2025\u201d en la ciudad Capital.<\/p>\n<p>La Provincia realizar\u00e1 una inversi\u00f3n de m\u00e1s de $5.500 millones con el fin de que la comuna capitalina pueda desarrollar obras y optimizar servicios que promuevan una mejor calidad de vida de los vecinos, el desarrollo urbano y social, mejorar la infraestructura p\u00fablica, servicios esenciales y fomentar el bienestar de la comunidad local mediante la implementaci\u00f3n de proyectos sostenibles.<\/p>\n<p>Tras la r\u00fabrica, el gobernador Ra\u00fal Jalil afirm\u00f3 que \u201cla Municipalidad de la Capital es un ejemplo en el norte argentino en materia de medio ambiente y turismo. Nosotros acompa\u00f1amos ese proceso de crecimiento con aportes para realizar m\u00e1s obras en ese sentido\u201d.<\/p>\n<p>Ra\u00fal cerr\u00f3 destacando el trabajo conjunto del proyecto de gobierno: \u201cCatamarca est\u00e1 en crecimiento, est\u00e1 transform\u00e1ndose de manera ordenada y transparente gracias al trabajo en equipo que realizamos Provincia y municipios\u201d.<\/p>\n<p>A su vez, el intendente Gustavo Saadi expres\u00f3 \u201cestamos presentando el Plan de Obras 2025 para la Capital que vamos a realizar con los aportes de la Provincia. Ra\u00fal fue intendente y conoce bien lo que necesita la ciudad\u201d.<\/p>\n<p>Y remarc\u00f3 la importancia de la obra p\u00fablica: \u201ccada obra significa trabajo y es algo para lo que tambi\u00e9n servir\u00e1 este financiamiento de m\u00e1s de $5.000 millones. Estamos muy agradecidos al Gobierno de la provincia por este aporte\u201d, concluy\u00f3.<\/p>\n<p>Las obras que se realizar\u00e1n con el financiamiento acordado son las siguientes:<\/p>\n<p>-Construcci\u00f3n de la Plaza Portal del Norte<\/p>\n<p>-Puesta en valor del Parque de los Ni\u00f1os<\/p>\n<p>-Sistematizaci\u00f3n de la Costanera Sur de la Costanera del Arroyo Fari\u00f1ango,<\/p>\n<p>-Ejecuci\u00f3n de la primera etapa del Parque Ambiental Sur<\/p>\n<p>-Ejecuci\u00f3n del plan de asfaltado en barrios de la zonas norte y sur<\/p>\n<p>-Continuidad del plan de bacheo.<\/p>\n<p>Estuvieron presentes durante la presentaci\u00f3n el ministro de Gobierno, Justicia y Derechos Humanos, Fernando \u00c1vila; el ministro de Infraestructura y Obras Civiles, Juan Marchetti; el secretario de Gabinete y Modernizaci\u00f3n de la Capital, Mariano Rosales, entre otras autoridades provinciales y municipales.<\/p>\n","protected":false},"excerpt":{"rendered":"<p>&nbsp; El gobernador Ra\u00fal Jalil y el intendente de la Capital, Gustavo Saadi, rubricaron \u00a0un convenio por el cual se acord\u00f3 la financiaci\u00f3n del Gobierno Provincial para la ejecuci\u00f3n del \u201cPlan de Obras 2025\u201d en la ciudad Capital. La Provincia realizar\u00e1 una inversi\u00f3n de m\u00e1s de $5.500 millones con el fin de que la comuna [&hellip;]<\/p>\n","protected":false},"author":2,"featured_media":3108,"comment_status":"open","ping_status":"open","sticky":false,"template":"","format":"standard","meta":{"footnotes":""},"categories":[23,20],"tags":[],"class_list":{"0":"post-3107","1":"post","2":"type-post","3":"status-publish","4":"format-standard","5":"has-post-thumbnail","7":"category-destacados","8":"category-sociedad"},"aioseo_notices":[],"_links":{"self":[{"href":"https:\/\/elfaroonline.com.ar\/index.php\/wp-json\/wp\/v2\/posts\/3107","targetHints":{"allow":["GET"]}}],"collection":[{"href":"https:\/\/elfaroonline.com.ar\/index.php\/wp-json\/wp\/v2\/posts"}],"about":[{"href":"https:\/\/elfaroonline.com.ar\/index.php\/wp-json\/wp\/v2\/types\/post"}],"author":[{"embeddable":true,"href":"https:\/\/elfaroonline.com.ar\/index.php\/wp-json\/wp\/v2\/users\/2"}],"replies":[{"embeddable":true,"href":"https:\/\/elfaroonline.com.ar\/index.php\/wp-json\/wp\/v2\/comments?post=3107"}],"version-history":[{"count":1,"href":"https:\/\/elfaroonline.com.ar\/index.php\/wp-json\/wp\/v2\/posts\/3107\/revisions"}],"predecessor-version":[{"id":3109,"href":"https:\/\/elfaroonline.com.ar\/index.php\/wp-json\/wp\/v2\/posts\/3107\/revisions\/3109"}],"wp:featuredmedia":[{"embeddable":true,"href":"https:\/\/elfaroonline.com.ar\/index.php\/wp-json\/wp\/v2\/media\/3108"}],"wp:attachment":[{"href":"https:\/\/elfaroonline.com.ar\/index.php\/wp-json\/wp\/v2\/media?parent=3107"}],"wp:term":[{"taxonomy":"category","embeddable":true,"href":"https:\/\/elfaroonline.com.ar\/index.php\/wp-json\/wp\/v2\/categories?post=3107"},{"taxonomy":"post_tag","embeddable":true,"href":"https:\/\/elfaroonline.com.ar\/index.php\/wp-json\/wp\/v2\/tags?post=3107"}],"curies":[{"name":"wp","href":"https:\/\/api.w.org\/{rel}","templated":true}]}}