{"id":3110,"date":"2024-11-22T06:58:04","date_gmt":"2024-11-22T09:58:04","guid":{"rendered":"https:\/\/elfaroonline.com.ar\/?p=3110"},"modified":"2024-11-22T06:58:04","modified_gmt":"2024-11-22T09:58:04","slug":"la-corte-suprema-declaro-la-inconstitucionalidad-de-la-prision-perpetua","status":"publish","type":"post","link":"https:\/\/elfaroonline.com.ar\/index.php\/2024\/11\/22\/la-corte-suprema-declaro-la-inconstitucionalidad-de-la-prision-perpetua\/","title":{"rendered":"La Corte Suprema declar\u00f3 la inconstitucionalidad de la prisi\u00f3n perpetua"},"content":{"rendered":"<p>En una sentencia firmada por Rosenkrantz, Rosatti y Maqueda, los jueces del m\u00e1ximo tribunal dejaron firme un fallo que indica que la reclusi\u00f3n perpetua afecta el \u201cderecho a la esperanza\u201d de un condenado. Lorenzetti no acompa\u00f1\u00f3.<\/p>\n<p>La Corte Suprema de Justicia de la Naci\u00f3n dej\u00f3 este jueves firme un fallo en donde se declar\u00f3 la inconstitucionalidad de la prisi\u00f3n perpetua en la Argentina porque excluye la posibilidad de conceder la libertad condicional a un acusado cuando se cometen determinados delitos. Fue al rechazar un recurso de la fiscal\u00eda contra ese caso en particular en donde la defensa alegaba la <b>afectaci\u00f3n al derecho a la esperanza <\/b>de un condenado. La decisi\u00f3n fue firmada por los jueces <b>Carlos Rosenkrantz, Juan Carlos Maqueda y Horacio Rosatti<\/b>, en tanto que <b>Ricardo Lorenzetti <\/b>no suscribi\u00f3.<\/p>\n<p>\u201cNo se advierte que en el recurso extraordinario federal la apelante haya rebatido las afirmaciones de la C\u00e1mara Nacional de Casaci\u00f3n en lo Criminal y Correccional respecto del derecho de una persona a conocer, desde el momento mismo de la imposici\u00f3n de la condena privativa de la libertad efectivamente perpetua, cu\u00e1l es el r\u00e9gimen definitivamente aplicable de la pena impuesta\u201d, se afirm\u00f3.<\/p>\n<p>Se trata del caso en el que el delincuente Sebasti\u00e1n Alejandro Guerra dispar\u00f3 con arma de fuego y asesin\u00f3 a Mar\u00eda Luj\u00e1n Campilongo, de 34 a\u00f1os, que era cabo de la Polic\u00eda Federal; hiriendo tambi\u00e9n a su novio, Diego Hern\u00e1n Ghiglione, de 28 a\u00f1os, quien sobrevivi\u00f3 a los disparos recibidos.<\/p>\n<p>En t\u00e9rminos generales, el fallo de la CSJN implica declarar la inconstitucionalidad del art. 14, inc. 1\u00b0 del C\u00f3digo Penal, <b>en cuanto establece que los condenados por alguno de los delitos previstos en el art. 80 del C\u00f3digo Penal no pueden acceder a la libertad condicional. <\/b>La principal consecuencia es que la pena de \u201cprisi\u00f3n perpetua\u201d deja de ser \u201crealmente perpetua\u201d a su respecto, dado que pueden acceder, eventualmente, a la libertad condicional, con independencia del delito cometido.<\/p>\n","protected":false},"excerpt":{"rendered":"<p>En una sentencia firmada por Rosenkrantz, Rosatti y Maqueda, los jueces del m\u00e1ximo tribunal dejaron firme un fallo que indica que la reclusi\u00f3n perpetua afecta el \u201cderecho a la esperanza\u201d de un condenado. Lorenzetti no acompa\u00f1\u00f3. La Corte Suprema de Justicia de la Naci\u00f3n dej\u00f3 este jueves firme un fallo en donde se declar\u00f3 la [&hellip;]<\/p>\n","protected":false},"author":2,"featured_media":3111,"comment_status":"open","ping_status":"open","sticky":false,"template":"","format":"standard","meta":{"footnotes":""},"categories":[22,27],"tags":[],"class_list":{"0":"post-3110","1":"post","2":"type-post","3":"status-publish","4":"format-standard","5":"has-post-thumbnail","7":"category-nacionales","8":"category-policiales"},"aioseo_notices":[],"_links":{"self":[{"href":"https:\/\/elfaroonline.com.ar\/index.php\/wp-json\/wp\/v2\/posts\/3110","targetHints":{"allow":["GET"]}}],"collection":[{"href":"https:\/\/elfaroonline.com.ar\/index.php\/wp-json\/wp\/v2\/posts"}],"about":[{"href":"https:\/\/elfaroonline.com.ar\/index.php\/wp-json\/wp\/v2\/types\/post"}],"author":[{"embeddable":true,"href":"https:\/\/elfaroonline.com.ar\/index.php\/wp-json\/wp\/v2\/users\/2"}],"replies":[{"embeddable":true,"href":"https:\/\/elfaroonline.com.ar\/index.php\/wp-json\/wp\/v2\/comments?post=3110"}],"version-history":[{"count":1,"href":"https:\/\/elfaroonline.com.ar\/index.php\/wp-json\/wp\/v2\/posts\/3110\/revisions"}],"predecessor-version":[{"id":3112,"href":"https:\/\/elfaroonline.com.ar\/index.php\/wp-json\/wp\/v2\/posts\/3110\/revisions\/3112"}],"wp:featuredmedia":[{"embeddable":true,"href":"https:\/\/elfaroonline.com.ar\/index.php\/wp-json\/wp\/v2\/media\/3111"}],"wp:attachment":[{"href":"https:\/\/elfaroonline.com.ar\/index.php\/wp-json\/wp\/v2\/media?parent=3110"}],"wp:term":[{"taxonomy":"category","embeddable":true,"href":"https:\/\/elfaroonline.com.ar\/index.php\/wp-json\/wp\/v2\/categories?post=3110"},{"taxonomy":"post_tag","embeddable":true,"href":"https:\/\/elfaroonline.com.ar\/index.php\/wp-json\/wp\/v2\/tags?post=3110"}],"curies":[{"name":"wp","href":"https:\/\/api.w.org\/{rel}","templated":true}]}}