{"id":3113,"date":"2024-11-22T06:58:24","date_gmt":"2024-11-22T09:58:24","guid":{"rendered":"https:\/\/elfaroonline.com.ar\/?p=3113"},"modified":"2024-11-22T06:58:24","modified_gmt":"2024-11-22T09:58:24","slug":"la-justicia-fallo-a-favor-del-gobierno-y-habilito-la-venta-libre-de-medicamentos","status":"publish","type":"post","link":"https:\/\/elfaroonline.com.ar\/index.php\/2024\/11\/22\/la-justicia-fallo-a-favor-del-gobierno-y-habilito-la-venta-libre-de-medicamentos\/","title":{"rendered":"La Justicia fall\u00f3 a favor del Gobierno y habilit\u00f3 la venta libre de medicamentos"},"content":{"rendered":"<p>El Juzgado Contencioso Administrativo Federal N\u00b0 3 rechaz\u00f3 una cautelar del sector farmac\u00e9utico que buscaba frenar esta desregulaci\u00f3n. Entendi\u00f3 que la medida no viola derechos ni obliga a las provincias a adherir.<\/p>\n<p>Fracas\u00f3 la <b>medida cautelar <\/b>que hab\u00edan pedido la Confederaci\u00f3n Farmac\u00e9utica Argentina (COFA) y la Federaci\u00f3n Farmac\u00e9utica (FEFARA) para <b>frenar varios art\u00edculos del DNU 70\/2023 referidos a la desregulaci\u00f3n<\/b> del sector.<\/p>\n<p>El Juzgado Contencioso Administrativo Federal N\u00b0 3 rechaz\u00f3 este jueves el reclamo, bajo el argumento de que la normativa no viola ning\u00fan derecho existente.<\/p>\n<p class=\"paragraph\" data-mrf-recirculation=\"Links inline\">El juez <b>Santiago Carrillo <\/b>determin\u00f3 que las medidas adoptadas no evidencian un riesgo sanitario comprobado y que al no ser obligatorias para las provincias no se avasalla la autonom\u00eda de cada jurisdicci\u00f3n.<\/p>\n<div class=\"inline ad-wrapper\">\n<div class=\"dfpAd ad-inline\"><\/div>\n<\/div>\n<p class=\"paragraph\" data-mrf-recirculation=\"Links inline\">Las entidades del sector farmac\u00e9utico hab\u00edan pedido que se declare la<b> nulidad de los art\u00edculos 313 a 325 del DNU 70\/2023 <\/b>al entender que son inconstitucionales, ya que modificaron la Ley 17.565 sin pasar por el Congreso nacional.<\/p>\n<p class=\"paragraph\" data-mrf-recirculation=\"Links inline\">Argumentaron en su presentaci\u00f3n que estos cambios \u201cimplican una directa ablaci\u00f3n a los <b>derechos fundamentales del ejercicio de la profesi\u00f3n<\/b>\u201d, como tambi\u00e9n del \u201c<b>derecho a la salud de las personas<\/b> que requieren de la dispensaci\u00f3n responsable y adecuada de medicamentos en un establecimiento farmac\u00e9utico\u201d.<\/p>\n<p class=\"paragraph\" data-mrf-recirculation=\"Links inline\">Tambi\u00e9n objetaron otros puntos como la posibilidad de despensa directa de medicamentos desde <b>droguer\u00edas y comercios<\/b>, la modalidad con la que se inscriben las instituciones y la <b>flexibilizaci\u00f3n laboral<\/b> de los directores t\u00e9cnicos de las farmacias.<\/p>\n<p data-mrf-recirculation=\"Links inline\">Para el juez Carrillo, en el an\u00e1lisis a <i>prima facie<\/i> \u201cno se advierte el menoscabo que se denuncia al<b>poder de polic\u00eda de las jurisdicciones locales <\/b>en cuanto a sus facultades de fiscalizaci\u00f3n y potestad reglamentaria en materia sanitaria\u201d, seg\u00fan defini\u00f3 en el fallo al que accedi\u00f3 <b>Infobae<\/b>. El magistrado respald\u00f3 su decisi\u00f3n en que las provincias y la Ciudad Aut\u00f3noma de Buenos <b>no est\u00e1n obligadas a suscribir a la medida del Ejecutivo nacional.<\/b><\/p>\n<p class=\"paragraph\" data-mrf-recirculation=\"Links inline\">Sobre la posibilidad de que<b> los medicamentos se vendan en otros lugares que no sean farmacias<\/b>, el documento determin\u00f3: \u201cTampoco se aprecia que trasunte una reglamentaci\u00f3n manifiestamente irrazonable de la actividad de las droguer\u00edas o que produzca en concreto una situaci\u00f3n de riesgo sanitario\u201d. Al defender el DNU, el Gobierno explic\u00f3 que estas empresas \u201cdeben cumplir ciertas condiciones para ser habilitadas\u201d y ya entregan \u201cdirectamente al afiliado medicamentos oncol\u00f3gicos y medicamentos de tratamientos especiales, seg\u00fan lo estipula el decreto 63\/2024\u2033.<\/p>\n<p class=\"paragraph\" data-mrf-recirculation=\"Links inline\">En cuanto a la<b> venta en comercios, como kioscos o supermercados<\/b>, tambi\u00e9n prevaleci\u00f3 el argumento del Ministerio de Salud, desde donde alegaron que para estos casos solo se permiti\u00f3 la comercializaci\u00f3n de <b>anti\u00e1cidos y analg\u00e9sicos <\/b>de venta libre, lo que <b>no genera ning\u00fan peligro <\/b>para la poblaci\u00f3n.<\/p>\n<p class=\"paragraph\" data-mrf-recirculation=\"Links inline\">Seg\u00fan el titular del Juzgado Contencioso Administrativo Federal N\u00b0 3, <b>\u201clas asociaciones actoras no han logrado acreditar\u201d<\/b> con sus argumentos \u201cla configuraci\u00f3n de un peligro de da\u00f1o grave e irreparable\u201d a los derechos que pidieron resguardar con la medida cautelar.<\/p>\n<p class=\"paragraph\" data-mrf-recirculation=\"Links inline\">A su vez, el juez Carrillo insisti\u00f3 varios pasajes de la resoluci\u00f3n que el tema<b> \u201crequiere un an\u00e1lisis m\u00e1s profundo\u201d de lo que se le puede dar en el \u00e1mbito de una medida cautelar.<\/b><\/p>\n","protected":false},"excerpt":{"rendered":"<p>El Juzgado Contencioso Administrativo Federal N\u00b0 3 rechaz\u00f3 una cautelar del sector farmac\u00e9utico que buscaba frenar esta desregulaci\u00f3n. Entendi\u00f3 que la medida no viola derechos ni obliga a las provincias a adherir. Fracas\u00f3 la medida cautelar que hab\u00edan pedido la Confederaci\u00f3n Farmac\u00e9utica Argentina (COFA) y la Federaci\u00f3n Farmac\u00e9utica (FEFARA) para frenar varios art\u00edculos del DNU [&hellip;]<\/p>\n","protected":false},"author":2,"featured_media":3114,"comment_status":"open","ping_status":"open","sticky":false,"template":"","format":"standard","meta":{"footnotes":""},"categories":[22,27],"tags":[],"class_list":{"0":"post-3113","1":"post","2":"type-post","3":"status-publish","4":"format-standard","5":"has-post-thumbnail","7":"category-nacionales","8":"category-policiales"},"aioseo_notices":[],"_links":{"self":[{"href":"https:\/\/elfaroonline.com.ar\/index.php\/wp-json\/wp\/v2\/posts\/3113","targetHints":{"allow":["GET"]}}],"collection":[{"href":"https:\/\/elfaroonline.com.ar\/index.php\/wp-json\/wp\/v2\/posts"}],"about":[{"href":"https:\/\/elfaroonline.com.ar\/index.php\/wp-json\/wp\/v2\/types\/post"}],"author":[{"embeddable":true,"href":"https:\/\/elfaroonline.com.ar\/index.php\/wp-json\/wp\/v2\/users\/2"}],"replies":[{"embeddable":true,"href":"https:\/\/elfaroonline.com.ar\/index.php\/wp-json\/wp\/v2\/comments?post=3113"}],"version-history":[{"count":1,"href":"https:\/\/elfaroonline.com.ar\/index.php\/wp-json\/wp\/v2\/posts\/3113\/revisions"}],"predecessor-version":[{"id":3115,"href":"https:\/\/elfaroonline.com.ar\/index.php\/wp-json\/wp\/v2\/posts\/3113\/revisions\/3115"}],"wp:featuredmedia":[{"embeddable":true,"href":"https:\/\/elfaroonline.com.ar\/index.php\/wp-json\/wp\/v2\/media\/3114"}],"wp:attachment":[{"href":"https:\/\/elfaroonline.com.ar\/index.php\/wp-json\/wp\/v2\/media?parent=3113"}],"wp:term":[{"taxonomy":"category","embeddable":true,"href":"https:\/\/elfaroonline.com.ar\/index.php\/wp-json\/wp\/v2\/categories?post=3113"},{"taxonomy":"post_tag","embeddable":true,"href":"https:\/\/elfaroonline.com.ar\/index.php\/wp-json\/wp\/v2\/tags?post=3113"}],"curies":[{"name":"wp","href":"https:\/\/api.w.org\/{rel}","templated":true}]}}