{"id":3116,"date":"2024-11-22T06:59:07","date_gmt":"2024-11-22T09:59:07","guid":{"rendered":"https:\/\/elfaroonline.com.ar\/?p=3116"},"modified":"2024-11-22T06:59:07","modified_gmt":"2024-11-22T09:59:07","slug":"el-gobierno-nacional-envio-al-congreso-el-proyecto-para-eliminar-las-paso","status":"publish","type":"post","link":"https:\/\/elfaroonline.com.ar\/index.php\/2024\/11\/22\/el-gobierno-nacional-envio-al-congreso-el-proyecto-para-eliminar-las-paso\/","title":{"rendered":"El Gobierno Nacional envi\u00f3 al Congreso el proyecto para eliminar las PASO"},"content":{"rendered":"<p>A pesar de la resistencia de los espacios opositores (incluso de los aliados), y con las negociaciones por el Presupuesto 2025 en punto muerto, el Gobierno gir\u00f3 finalmente esta tarde el ambicioso proyecto de <b>reforma electoral <\/b>que elimina las Primarias Abiertas Simult\u00e1neas y Obligatorias <b>(PASO), suspende los aportes extraordinarios <\/b>para los partidos y cambia varias reglas de juego durante la campa\u00f1a. Todav\u00eda no decidi\u00f3 si lo tratar\u00e1 en Sesiones Extraordinarias -Javier Milei a\u00fan no las convoc\u00f3-, pero no descartan incluirlo en el eventual temario.<\/p>\n<p>Santiago Caputo busc\u00f3 acelerar el env\u00edo de la iniciativa que redact\u00f3 la secretaria de Planeamiento Normativo, <b>Mar\u00eda Ibarz\u00e1bal<\/b>, fiel t\u00e9cnica de sus filas, que incluye cambios significativos en el financiamiento de los partidos pol\u00edticos. A pesar de que los socios del Gobierno encendieron las alarmas en contra de la iniciativa, en la Casa Rosada dicen que \u201chay oportunidades\u201d para lograr consenso.<\/p>\n<p>M\u00e1s all\u00e1 de la falta de acuerdo, <b>en Balcarce 50 se muestran decididos a avanzar con la discusi\u00f3n, <\/b>ya sea en sesiones extraordinarias o en las ordinarias de 2025, en la previa de las elecciones de medio t\u00e9rmino. Creen que el PRO estar\u00eda \u201cmuy inc\u00f3modo\u201d para darles la espalda. Que a \u201cvarios gobernadores\u201d les conviene para evitar la competencia en sus respectivos distritos. Y que una parte del peronsimo, particularmente el massismo, estar\u00eda de acuerdo. De hecho, tomaron como una se\u00f1al en ese sentido el proyecto que present\u00f3 el diputado Rub\u00e9n Eslaiman en la Provincia de Buenos para eliminar la PASO a nivel local.<\/p>\n<p class=\"paragraph\" data-mrf-recirculation=\"Links inline\">En las filas del peronismo no kirchnerista no cerraron la puerta por completo, y recordaron que est\u00e1 presentado un proyecto del diputado <b>Oscar Agot Carre\u00f1o <\/b>(Encuentro Federal) en ese sentido. Sin embargo, se\u00f1alaron que \u201cen el bloque no se discuti\u00f3, y se tendr\u00eda que discutir este a\u00f1o\u201d. En realidad, leen la jugada del Gobierno como un mensaje de \u201camenaza\u201d a los gobernadores aliados de Juntos por el Cambio, que exigen demasiado a cambio de dar apoyo al Presupuesto de Milei.<\/p>\n<p class=\"paragraph\" data-mrf-recirculation=\"Links inline\">M\u00e1s all\u00e1 de las ambiciones del Presidente, en principio se vislumbra escaso acompa\u00f1amiento para una medida que, adem\u00e1s, <b>exigir\u00eda para su sanci\u00f3n una mayor\u00eda especial, porque se trata de un tema de \u00edndole electoral.<\/b> El PRO y la UCR<b> <\/b>ya dijeron que est\u00e1n en contra de la supresi\u00f3n de las PASO porque las necesitan para ordenar sus espacios pol\u00edticos. \u201cNos llama la atenci\u00f3n que el Ejecutivo anuncie ahora que enviar\u00e1 un proyecto de eliminaci\u00f3n de las PASO, a menos de un mes de la finalizaci\u00f3n del periodo ordinario de sesiones, quedando su tratamiento intevitablemente para el a\u00f1o pr\u00f3ximo. Siempre sostuvimos que no es correcto cambiar las reglas de juego en a\u00f1os electorales\u201d, dijeron desde la bancada amarilla.<\/p>\n<p class=\"paragraph\" data-mrf-recirculation=\"Links inline\">Sin embargo, dejaron una rendija abierta y dijeron que \u201canalizar\u00e1n el proyecto con la misma responsabilidad con la que trabajan todos los temas institucionales\u201d.<\/p>\n<p class=\"paragraph\" data-mrf-recirculation=\"Links inline\">La relaci\u00f3n con los espacios aliados qued\u00f3 muy tensa luego de que el Gobierno endureciera la postura por el Presupuesto 2025 y cerrara la puerta a las negociaciones con los gobernadores. Y el kirchnerismo, que podr\u00eda estar de acuerdo, <b>no est\u00e1 dispuesto a votar ninguna iniciativa que provenga de un Ejecutivo<\/b> que acaba de vapulear a Cristina Kirchner.<\/p>\n<p class=\"paragraph\" data-mrf-recirculation=\"Links inline\">El proyecto tiene como principal objetivo la eliminaci\u00f3n de las PASO, argumentando que representan un gasto innecesario que podr\u00eda ser reasignado a otras \u00e1reas. Adem\u00e1s, se propone modificar el r\u00e9gimen de financiamiento de los partidos para <b>reducir el gasto p\u00fablico y \u201caumentar la transparencia\u201d,<\/b> enfoc\u00e1ndose en c\u00f3mo se financian las campa\u00f1as m\u00e1s que en cu\u00e1nto se gasta. Tambi\u00e9n desincentiva la creaci\u00f3n de partidos nuevos y el sostenimiento de sellos que tienen nula representatividad.<\/p>\n<p class=\"paragraph\" data-mrf-recirculation=\"Links inline\">El debate sobre la eliminaci\u00f3n de las PASO gener\u00f3 algunas divisiones en el Gobierno,<b> porque algunos <\/b>funcionarios e incluso diputados libertarios consideraban que la medida deb\u00eda discutirse despu\u00e9s de las elecciones legislativas. Pero Milei decidi\u00f3 hacer caso omiso a los usos y costumbres y no descarta tratarlo en 2025.<\/p>\n<p class=\"paragraph\" data-mrf-recirculation=\"Links inline\">Adem\u00e1s de los cambios en el financiamiento de los partidos, <b>el Gobierno propone erradicar los espacios de publicidad gratuita y endurecer las reglas de caducidad de los partidos<\/b> (con un aumento del porcentaje de votos necesarios para mantener su registro). Son dos ejes que probablemente generar\u00e1n ruidos en el debate, si se tratara, porque perjudicar\u00e1n a los partidos chicos. La \u00fanica medida para incentivarlos es facilitar la inscripci\u00f3n de afiliados por medios digitales.<\/p>\n<p class=\"paragraph\" data-mrf-recirculation=\"Links inline\">Inicialmente, los libertarios hab\u00edan planteado el proyecto anti-PASO como moneda de cambio en las negociaciones por el Presupuesto. <b>El plan era pedirles a los gobernadores y diputados que le dieran luz verde a la medida, para usar los fondos que se ahorrar\u00eda el Estado para financiar los costos que implican las demandas de las provincias sin afectar el d\u00e9ficit fiscal.<\/b> Pero los mandatarios del interior presentaron una serie de exigencias que superan ampliamente los<b> 3700 millones de pesos <\/b>que, seg\u00fan el Ejecutivo, se ahorrar\u00edan al eliminar las Primarias y cortar ciertos aportes p\u00fablicos para los partidos pol\u00edticos.<\/p>\n<p class=\"paragraph\" data-mrf-recirculation=\"Links inline\">Con todo, los libertarios dieron un giro en los \u00faltimos d\u00edas y decidieron apurar los tiempos del debate de un proyecto que no hab\u00edan logrado aprobar durante la discusi\u00f3n de la ley Bases y que ahora ven m\u00e1s factible.<\/p>\n","protected":false},"excerpt":{"rendered":"<p>A pesar de la resistencia de los espacios opositores (incluso de los aliados), y con las negociaciones por el Presupuesto 2025 en punto muerto, el Gobierno gir\u00f3 finalmente esta tarde el ambicioso proyecto de reforma electoral que elimina las Primarias Abiertas Simult\u00e1neas y Obligatorias (PASO), suspende los aportes extraordinarios para los partidos y cambia varias [&hellip;]<\/p>\n","protected":false},"author":2,"featured_media":3117,"comment_status":"open","ping_status":"open","sticky":false,"template":"","format":"standard","meta":{"footnotes":""},"categories":[22,21],"tags":[],"class_list":{"0":"post-3116","1":"post","2":"type-post","3":"status-publish","4":"format-standard","5":"has-post-thumbnail","7":"category-nacionales","8":"category-politica"},"aioseo_notices":[],"_links":{"self":[{"href":"https:\/\/elfaroonline.com.ar\/index.php\/wp-json\/wp\/v2\/posts\/3116","targetHints":{"allow":["GET"]}}],"collection":[{"href":"https:\/\/elfaroonline.com.ar\/index.php\/wp-json\/wp\/v2\/posts"}],"about":[{"href":"https:\/\/elfaroonline.com.ar\/index.php\/wp-json\/wp\/v2\/types\/post"}],"author":[{"embeddable":true,"href":"https:\/\/elfaroonline.com.ar\/index.php\/wp-json\/wp\/v2\/users\/2"}],"replies":[{"embeddable":true,"href":"https:\/\/elfaroonline.com.ar\/index.php\/wp-json\/wp\/v2\/comments?post=3116"}],"version-history":[{"count":1,"href":"https:\/\/elfaroonline.com.ar\/index.php\/wp-json\/wp\/v2\/posts\/3116\/revisions"}],"predecessor-version":[{"id":3118,"href":"https:\/\/elfaroonline.com.ar\/index.php\/wp-json\/wp\/v2\/posts\/3116\/revisions\/3118"}],"wp:featuredmedia":[{"embeddable":true,"href":"https:\/\/elfaroonline.com.ar\/index.php\/wp-json\/wp\/v2\/media\/3117"}],"wp:attachment":[{"href":"https:\/\/elfaroonline.com.ar\/index.php\/wp-json\/wp\/v2\/media?parent=3116"}],"wp:term":[{"taxonomy":"category","embeddable":true,"href":"https:\/\/elfaroonline.com.ar\/index.php\/wp-json\/wp\/v2\/categories?post=3116"},{"taxonomy":"post_tag","embeddable":true,"href":"https:\/\/elfaroonline.com.ar\/index.php\/wp-json\/wp\/v2\/tags?post=3116"}],"curies":[{"name":"wp","href":"https:\/\/api.w.org\/{rel}","templated":true}]}}