{"id":3128,"date":"2024-11-22T07:03:28","date_gmt":"2024-11-22T10:03:28","guid":{"rendered":"https:\/\/elfaroonline.com.ar\/?p=3128"},"modified":"2024-11-22T07:03:28","modified_gmt":"2024-11-22T10:03:28","slug":"gobierno-y-gremios-estatales-monitorean-la-situacion-economica-y-salarial","status":"publish","type":"post","link":"https:\/\/elfaroonline.com.ar\/index.php\/2024\/11\/22\/gobierno-y-gremios-estatales-monitorean-la-situacion-economica-y-salarial\/","title":{"rendered":"Gobierno y gremios estatales monitorean la situaci\u00f3n econ\u00f3mica y salarial"},"content":{"rendered":"<p class=\"v1MsoNormal\">En Casa de Gobierno, las ministras de Trabajo, Planificaci\u00f3n y Recursos Humanos, Ver\u00f3nica Soria, y de Econom\u00eda, Alejandra Nazareno, mantuvieron una reuni\u00f3n con los representantes de los gremios Vialidad Provincial, UPCN y ATE para dialogar sobre la situaci\u00f3n econ\u00f3mica actual y la actualizaci\u00f3n salarial de los trabajadores p\u00fablicos.<\/p>\n<p class=\"v1MsoNormal\">En el encuentro, los gremios plantearon la necesidad de un reconocimiento econ\u00f3mico para los trabajadores en el contexto de cierre de a\u00f1o. Aunque no se alcanzaron definiciones concretas, las partes acordaron continuar el di\u00e1logo en una pr\u00f3xima reuni\u00f3n prevista para el 9 de diciembre.<\/p>\n<p class=\"v1MsoNormal\">En este sentido, las ministras expresaron que el Gobierno mantiene su compromiso de di\u00e1logo abierto con los representantes gremiales para seguir cuidando los salarios de los trabajadores p\u00fablicos de la provincia.<\/p>\n<p class=\"v1MsoNormal\">A partir del permanente di\u00e1logo entre las partes, semanas atr\u00e1s se estableci\u00f3 que la actualizaci\u00f3n salarial sea mensual por \u00edndice de inflaci\u00f3n y, por ello, este mes los trabajadores p\u00fablicos tendr\u00e1n un aumento del 2,7%. Asimismo, se debe resaltar que, el total acumulado de la pauta general de incremento salarial para los empleados de la Administraci\u00f3n P\u00fablica Provincial en lo que va del 2024 es de 123,4%.<\/p>\n","protected":false},"excerpt":{"rendered":"<p>En Casa de Gobierno, las ministras de Trabajo, Planificaci\u00f3n y Recursos Humanos, Ver\u00f3nica Soria, y de Econom\u00eda, Alejandra Nazareno, mantuvieron una reuni\u00f3n con los representantes de los gremios Vialidad Provincial, UPCN y ATE para dialogar sobre la situaci\u00f3n econ\u00f3mica actual y la actualizaci\u00f3n salarial de los trabajadores p\u00fablicos. En el encuentro, los gremios plantearon la [&hellip;]<\/p>\n","protected":false},"author":2,"featured_media":3129,"comment_status":"open","ping_status":"open","sticky":false,"template":"","format":"standard","meta":{"footnotes":""},"categories":[23,21],"tags":[],"class_list":{"0":"post-3128","1":"post","2":"type-post","3":"status-publish","4":"format-standard","5":"has-post-thumbnail","7":"category-destacados","8":"category-politica"},"aioseo_notices":[],"_links":{"self":[{"href":"https:\/\/elfaroonline.com.ar\/index.php\/wp-json\/wp\/v2\/posts\/3128","targetHints":{"allow":["GET"]}}],"collection":[{"href":"https:\/\/elfaroonline.com.ar\/index.php\/wp-json\/wp\/v2\/posts"}],"about":[{"href":"https:\/\/elfaroonline.com.ar\/index.php\/wp-json\/wp\/v2\/types\/post"}],"author":[{"embeddable":true,"href":"https:\/\/elfaroonline.com.ar\/index.php\/wp-json\/wp\/v2\/users\/2"}],"replies":[{"embeddable":true,"href":"https:\/\/elfaroonline.com.ar\/index.php\/wp-json\/wp\/v2\/comments?post=3128"}],"version-history":[{"count":1,"href":"https:\/\/elfaroonline.com.ar\/index.php\/wp-json\/wp\/v2\/posts\/3128\/revisions"}],"predecessor-version":[{"id":3130,"href":"https:\/\/elfaroonline.com.ar\/index.php\/wp-json\/wp\/v2\/posts\/3128\/revisions\/3130"}],"wp:featuredmedia":[{"embeddable":true,"href":"https:\/\/elfaroonline.com.ar\/index.php\/wp-json\/wp\/v2\/media\/3129"}],"wp:attachment":[{"href":"https:\/\/elfaroonline.com.ar\/index.php\/wp-json\/wp\/v2\/media?parent=3128"}],"wp:term":[{"taxonomy":"category","embeddable":true,"href":"https:\/\/elfaroonline.com.ar\/index.php\/wp-json\/wp\/v2\/categories?post=3128"},{"taxonomy":"post_tag","embeddable":true,"href":"https:\/\/elfaroonline.com.ar\/index.php\/wp-json\/wp\/v2\/tags?post=3128"}],"curies":[{"name":"wp","href":"https:\/\/api.w.org\/{rel}","templated":true}]}}