{"id":3137,"date":"2024-11-25T07:58:59","date_gmt":"2024-11-25T10:58:59","guid":{"rendered":"https:\/\/elfaroonline.com.ar\/?p=3137"},"modified":"2024-11-25T07:58:59","modified_gmt":"2024-11-25T10:58:59","slug":"acreditacion-de-haberes-para-la-administracion-publica-y-docentes","status":"publish","type":"post","link":"https:\/\/elfaroonline.com.ar\/index.php\/2024\/11\/25\/acreditacion-de-haberes-para-la-administracion-publica-y-docentes\/","title":{"rendered":"Acreditaci\u00f3n de haberes para la Administraci\u00f3n P\u00fablica y Docentes"},"content":{"rendered":"<p class=\"v1MsoNormal\">El Ministerio de Econom\u00eda informa que los haberes correspondientes al mes de noviembre de 2024 ser\u00e1n acreditados en las respectivas cuentas sueldo de los trabajadores conforme al siguiente cronograma:<\/p>\n<p class=\"v1MsoNormal\"><b>-Martes 3 de diciembre:<\/b> Empleados de los Organismos de la Administraci\u00f3n P\u00fablica Provincial.<\/p>\n<p class=\"v1MsoNormal\"><b>-Mi\u00e9rcoles 4 de diciembre:<\/b> Docentes.<\/p>\n","protected":false},"excerpt":{"rendered":"<p>El Ministerio de Econom\u00eda informa que los haberes correspondientes al mes de noviembre de 2024 ser\u00e1n acreditados en las respectivas cuentas sueldo de los trabajadores conforme al siguiente cronograma: -Martes 3 de diciembre: Empleados de los Organismos de la Administraci\u00f3n P\u00fablica Provincial. -Mi\u00e9rcoles 4 de diciembre: Docentes.<\/p>\n","protected":false},"author":2,"featured_media":3138,"comment_status":"open","ping_status":"open","sticky":false,"template":"","format":"standard","meta":{"footnotes":""},"categories":[23,20],"tags":[],"class_list":{"0":"post-3137","1":"post","2":"type-post","3":"status-publish","4":"format-standard","5":"has-post-thumbnail","7":"category-destacados","8":"category-sociedad"},"aioseo_notices":[],"_links":{"self":[{"href":"https:\/\/elfaroonline.com.ar\/index.php\/wp-json\/wp\/v2\/posts\/3137","targetHints":{"allow":["GET"]}}],"collection":[{"href":"https:\/\/elfaroonline.com.ar\/index.php\/wp-json\/wp\/v2\/posts"}],"about":[{"href":"https:\/\/elfaroonline.com.ar\/index.php\/wp-json\/wp\/v2\/types\/post"}],"author":[{"embeddable":true,"href":"https:\/\/elfaroonline.com.ar\/index.php\/wp-json\/wp\/v2\/users\/2"}],"replies":[{"embeddable":true,"href":"https:\/\/elfaroonline.com.ar\/index.php\/wp-json\/wp\/v2\/comments?post=3137"}],"version-history":[{"count":1,"href":"https:\/\/elfaroonline.com.ar\/index.php\/wp-json\/wp\/v2\/posts\/3137\/revisions"}],"predecessor-version":[{"id":3139,"href":"https:\/\/elfaroonline.com.ar\/index.php\/wp-json\/wp\/v2\/posts\/3137\/revisions\/3139"}],"wp:featuredmedia":[{"embeddable":true,"href":"https:\/\/elfaroonline.com.ar\/index.php\/wp-json\/wp\/v2\/media\/3138"}],"wp:attachment":[{"href":"https:\/\/elfaroonline.com.ar\/index.php\/wp-json\/wp\/v2\/media?parent=3137"}],"wp:term":[{"taxonomy":"category","embeddable":true,"href":"https:\/\/elfaroonline.com.ar\/index.php\/wp-json\/wp\/v2\/categories?post=3137"},{"taxonomy":"post_tag","embeddable":true,"href":"https:\/\/elfaroonline.com.ar\/index.php\/wp-json\/wp\/v2\/tags?post=3137"}],"curies":[{"name":"wp","href":"https:\/\/api.w.org\/{rel}","templated":true}]}}