{"id":3140,"date":"2024-11-25T07:59:31","date_gmt":"2024-11-25T10:59:31","guid":{"rendered":"https:\/\/elfaroonline.com.ar\/?p=3140"},"modified":"2024-11-25T07:59:31","modified_gmt":"2024-11-25T10:59:31","slug":"los-ministros-caria-y-murua-representaron-a-catamarca-en-la-mesa-de-integracion-minera","status":"publish","type":"post","link":"https:\/\/elfaroonline.com.ar\/index.php\/2024\/11\/25\/los-ministros-caria-y-murua-representaron-a-catamarca-en-la-mesa-de-integracion-minera\/","title":{"rendered":"Los ministros Caria y Mur\u00faa representaron a Catamarca en la Mesa de Integraci\u00f3n Minera"},"content":{"rendered":"<p class=\"v1MsoNormal\"><i>Fue encabezada por los secretarios nacionales Pablo Lavigne y Luis Lucero<\/i><\/p>\n<p class=\"v1MsoNormal\">Con el objetivo de analizar las oportunidades y desaf\u00edos que enfrenta la Cadena de Valor Minera en el contexto del R\u00e9gimen de Incentivo a las Grandes Inversiones (RIGI) y la Ley de Inversiones Mineras (LIM), se reuni\u00f3 en la Ciudad de Buenos Aires la Mesa de Integraci\u00f3n Minera, la que cont\u00f3 como representantes por Catamarca a los ministros de Industria, Comercio y Empleo, Sebasti\u00e1n Caria, y de Miner\u00eda, Marcelo Mur\u00faa.<\/p>\n<p class=\"v1MsoNormal\">La reuni\u00f3n fue encabezada por los titulares de las secretar\u00edas nacionales de Industria y Comercio, Pablo Lavigne, y de Miner\u00eda, Luis Lucero, e incluy\u00f3 las presencias, adem\u00e1s de funcionarios nacionales y provinciales, de representantes de empresas mineras y otras instituciones p\u00fablicas y privadas.<\/p>\n<p class=\"v1MsoNormal\">Durante la jornada se abord\u00f3 una extensa agenda de temas que deriv\u00f3 en la elaboraci\u00f3n de un cronograma destinado a &#8220;impulsar al sector, fortaleciendo la competitividad y la transparencia del entramado productivo disponible para el sector minero&#8221;, seg\u00fan se consign\u00f3 al finalizar el c\u00f3nclave.<\/p>\n<p class=\"v1MsoNormal\">Uno de los puntos que gener\u00f3 debate fue el del porcentaje de contrataci\u00f3n de mano de obra local, el que en el caso del RIGI se propone que sea del 20 por ciento. En este punto, el ministro Mur\u00faa propuso que en el caso de Catamarca, se respete la legislaci\u00f3n local que exige el 70 por ciento de contrataci\u00f3n de mano de obra catamarque\u00f1a.<\/p>\n<p class=\"v1MsoNormal\">Las presencias de los ministros Caria y Mur\u00faa tiene correlaci\u00f3n con las acciones, an\u00e1lisis y diagn\u00f3sticos conjuntos que vienen realizando las carteras de Industria, Comercio y Empleo y de Miner\u00eda, con los prop\u00f3sitos de fortalecer a PyMEs locales proveedoras y en la b\u00fasqueda de perfiles demandados por el sector minero en trabajadores catamarque\u00f1os, entre otros objetivos.<\/p>\n<p class=\"v1MsoNormal\">El ministro Caria se\u00f1al\u00f3 que &#8220;junto al ministro Mur\u00faa trajimos a esta Mesa nacional un diagn\u00f3stico y los desaf\u00edos que nos demanda la actividad minera en Catamarca, y en lo que respecta a mis \u00e1reas espec\u00edficamente, las oportunidades que se puedan generar para lograr el desarrollo de distintos estamentos de la cadena de valor relacionadas a los procesos industriales y al mismo comercio&#8221;. &#8220;El fin \u00faltimo es el desarrollo de nuestras PyMEs y, sustancialmente, la generaci\u00f3n de nuevos empleos para nuestros comprovincianos&#8221;, concluy\u00f3 Caria.<\/p>\n","protected":false},"excerpt":{"rendered":"<p>Fue encabezada por los secretarios nacionales Pablo Lavigne y Luis Lucero Con el objetivo de analizar las oportunidades y desaf\u00edos que enfrenta la Cadena de Valor Minera en el contexto del R\u00e9gimen de Incentivo a las Grandes Inversiones (RIGI) y la Ley de Inversiones Mineras (LIM), se reuni\u00f3 en la Ciudad de Buenos Aires la [&hellip;]<\/p>\n","protected":false},"author":2,"featured_media":3141,"comment_status":"open","ping_status":"open","sticky":false,"template":"","format":"standard","meta":{"footnotes":""},"categories":[21],"tags":[],"class_list":{"0":"post-3140","1":"post","2":"type-post","3":"status-publish","4":"format-standard","5":"has-post-thumbnail","7":"category-politica"},"aioseo_notices":[],"_links":{"self":[{"href":"https:\/\/elfaroonline.com.ar\/index.php\/wp-json\/wp\/v2\/posts\/3140","targetHints":{"allow":["GET"]}}],"collection":[{"href":"https:\/\/elfaroonline.com.ar\/index.php\/wp-json\/wp\/v2\/posts"}],"about":[{"href":"https:\/\/elfaroonline.com.ar\/index.php\/wp-json\/wp\/v2\/types\/post"}],"author":[{"embeddable":true,"href":"https:\/\/elfaroonline.com.ar\/index.php\/wp-json\/wp\/v2\/users\/2"}],"replies":[{"embeddable":true,"href":"https:\/\/elfaroonline.com.ar\/index.php\/wp-json\/wp\/v2\/comments?post=3140"}],"version-history":[{"count":2,"href":"https:\/\/elfaroonline.com.ar\/index.php\/wp-json\/wp\/v2\/posts\/3140\/revisions"}],"predecessor-version":[{"id":3172,"href":"https:\/\/elfaroonline.com.ar\/index.php\/wp-json\/wp\/v2\/posts\/3140\/revisions\/3172"}],"wp:featuredmedia":[{"embeddable":true,"href":"https:\/\/elfaroonline.com.ar\/index.php\/wp-json\/wp\/v2\/media\/3141"}],"wp:attachment":[{"href":"https:\/\/elfaroonline.com.ar\/index.php\/wp-json\/wp\/v2\/media?parent=3140"}],"wp:term":[{"taxonomy":"category","embeddable":true,"href":"https:\/\/elfaroonline.com.ar\/index.php\/wp-json\/wp\/v2\/categories?post=3140"},{"taxonomy":"post_tag","embeddable":true,"href":"https:\/\/elfaroonline.com.ar\/index.php\/wp-json\/wp\/v2\/tags?post=3140"}],"curies":[{"name":"wp","href":"https:\/\/api.w.org\/{rel}","templated":true}]}}