{"id":3143,"date":"2024-11-25T08:00:04","date_gmt":"2024-11-25T11:00:04","guid":{"rendered":"https:\/\/elfaroonline.com.ar\/?p=3143"},"modified":"2024-11-25T08:00:04","modified_gmt":"2024-11-25T11:00:04","slug":"catamarca-apuesta-a-nuevas-variedades-de-algodon-para-optimizar-su-produccion","status":"publish","type":"post","link":"https:\/\/elfaroonline.com.ar\/index.php\/2024\/11\/25\/catamarca-apuesta-a-nuevas-variedades-de-algodon-para-optimizar-su-produccion\/","title":{"rendered":"Catamarca apuesta a nuevas variedades de algod\u00f3n para optimizar su producci\u00f3n"},"content":{"rendered":"<p class=\"v1MsoNormal\">Este cultivo, conocido por su versatilidad y resistencia, presenta una oportunidad \u00fanica para diversificar y enriquecer la agricultura local. Catamarca cuenta con un \u00f3ptimo sistema de seguimiento para el cultivo textil. En b\u00fasqueda de t\u00e9cnicas y tecnolog\u00eda que mejoren la productividad y eficiencia del cultivo.<\/p>\n<p class=\"v1MsoNormal\">La Mesa Algodonera Provincial en Catamarca, se constituy\u00f3 en 2022, un grupo de investigadores del Ministerio de Inclusi\u00f3n Digital y Sistemas Productivos, a trav\u00e9s de su Secretar\u00eda de Producci\u00f3n y Tecnolog\u00eda Agropecuaria, junto con el Instituto Nacional de Tecnolog\u00eda Agropecuaria (INTA) y la Facultad de Ciencias Agrarias de la Universidad Nacional de Catamarca (UNCa). En conjunto elaboraron un Plan Operativo Anual, que incluy\u00f3 estudios sobre el comportamiento fenol\u00f3gico, sanitario y productivo del algod\u00f3n en distintos puntos de la provincia.<\/p>\n<p class=\"v1MsoNormal\">El estudio se llev\u00f3 adelante en tres escenarios diferentes: Capay\u00e1n, Andalgal\u00e1 y Tinogasta, para evaluar el comportamiento productivo de 7 variedades de algod\u00f3n, que se cultivan a nivel nacional. Estos estudios comparativos brindaron informaci\u00f3n para establecer una promisoria soluci\u00f3n para diversificar la rotaci\u00f3n agr\u00edcola de la regi\u00f3n. Se evalu\u00f3 el desarrollo del cultivo en estadios morfol\u00f3gicos y fisiol\u00f3gicos bien diferenciados que var\u00edan entre corto (140\/150 d\u00edas), medio (160\/180) y largo (+180 d\u00edas).<\/p>\n<p class=\"v1MsoNormal\">Los resultados obtenidos destacan el escenario de Andalgal\u00e1 por su desempe\u00f1o superior en productividad a campo y calidad de fibra en laboratorio. Entre las variedades evaluadas, &#8220;Por\u00e1 3 BGRR&#8221; y &#8220;Guaran\u00ed BGRR&#8221; sobresalieron por su alto rendimiento y excelente calidad de fibra, posicionando al cultivo de algod\u00f3n como una alternativa productiva de inter\u00e9s para la provincia. Aunque los resultados son promisorios, ser\u00e1 necesario continuar con los estudios para confirmar su viabilidad a largo plazo.<\/p>\n<p class=\"v1MsoNormal\">Recordemos que Catamarca experiment\u00f3 su \u00faltimo auge en el cultivo de algod\u00f3n entre las d\u00e9cadas de 1960 y 1970, concentr\u00e1ndose inicialmente en los departamentos del oeste provincial, como Tinogasta, Bel\u00e9n, Andalgal\u00e1 y Pom\u00e1n. M\u00e1s tarde, la producci\u00f3n se expandi\u00f3 hacia el este, alcanzando el departamento de Santa Rosa y el Valle Central, hasta que se interrumpi\u00f3 en 2001. Actualmente, se busca reactivar esta actividad productiva como una alternativa viable, aprovechando los avances tecnol\u00f3gicos aplicados en ensayos recientes. Estos estudios est\u00e1n permitiendo analizar las propiedades de la fibra de algod\u00f3n, como longitud, uniformidad, resistencia y otras caracter\u00edsticas esenciales para la industria textil.<\/p>\n<p class=\"v1MsoNormal\">Los datos iniciales son prometedores debido a las caracter\u00edsticas de las variedades de fibra larga, de resistencia transg\u00e9nicas resistentes a insectos y RR resistentes a herbicidas. La recuperaci\u00f3n de este cultivo hist\u00f3rico y acercar nuevas tecnolog\u00edas a los productores es una iniciativa que busca mejorar las condiciones de siembra y cosecha, impulsando la econom\u00eda local y creando nuevas oportunidades para los agricultores de la regi\u00f3n.<\/p>\n","protected":false},"excerpt":{"rendered":"<p>Este cultivo, conocido por su versatilidad y resistencia, presenta una oportunidad \u00fanica para diversificar y enriquecer la agricultura local. Catamarca cuenta con un \u00f3ptimo sistema de seguimiento para el cultivo textil. En b\u00fasqueda de t\u00e9cnicas y tecnolog\u00eda que mejoren la productividad y eficiencia del cultivo. La Mesa Algodonera Provincial en Catamarca, se constituy\u00f3 en 2022, [&hellip;]<\/p>\n","protected":false},"author":2,"featured_media":3144,"comment_status":"open","ping_status":"open","sticky":false,"template":"","format":"standard","meta":{"footnotes":""},"categories":[20],"tags":[],"class_list":{"0":"post-3143","1":"post","2":"type-post","3":"status-publish","4":"format-standard","5":"has-post-thumbnail","7":"category-sociedad"},"aioseo_notices":[],"_links":{"self":[{"href":"https:\/\/elfaroonline.com.ar\/index.php\/wp-json\/wp\/v2\/posts\/3143","targetHints":{"allow":["GET"]}}],"collection":[{"href":"https:\/\/elfaroonline.com.ar\/index.php\/wp-json\/wp\/v2\/posts"}],"about":[{"href":"https:\/\/elfaroonline.com.ar\/index.php\/wp-json\/wp\/v2\/types\/post"}],"author":[{"embeddable":true,"href":"https:\/\/elfaroonline.com.ar\/index.php\/wp-json\/wp\/v2\/users\/2"}],"replies":[{"embeddable":true,"href":"https:\/\/elfaroonline.com.ar\/index.php\/wp-json\/wp\/v2\/comments?post=3143"}],"version-history":[{"count":1,"href":"https:\/\/elfaroonline.com.ar\/index.php\/wp-json\/wp\/v2\/posts\/3143\/revisions"}],"predecessor-version":[{"id":3145,"href":"https:\/\/elfaroonline.com.ar\/index.php\/wp-json\/wp\/v2\/posts\/3143\/revisions\/3145"}],"wp:featuredmedia":[{"embeddable":true,"href":"https:\/\/elfaroonline.com.ar\/index.php\/wp-json\/wp\/v2\/media\/3144"}],"wp:attachment":[{"href":"https:\/\/elfaroonline.com.ar\/index.php\/wp-json\/wp\/v2\/media?parent=3143"}],"wp:term":[{"taxonomy":"category","embeddable":true,"href":"https:\/\/elfaroonline.com.ar\/index.php\/wp-json\/wp\/v2\/categories?post=3143"},{"taxonomy":"post_tag","embeddable":true,"href":"https:\/\/elfaroonline.com.ar\/index.php\/wp-json\/wp\/v2\/tags?post=3143"}],"curies":[{"name":"wp","href":"https:\/\/api.w.org\/{rel}","templated":true}]}}