{"id":3152,"date":"2024-11-25T08:02:16","date_gmt":"2024-11-25T11:02:16","guid":{"rendered":"https:\/\/elfaroonline.com.ar\/?p=3152"},"modified":"2024-11-25T08:02:16","modified_gmt":"2024-11-25T11:02:16","slug":"catamarca-y-la-rioja-fortalecen-su-industria-vitivinicola","status":"publish","type":"post","link":"https:\/\/elfaroonline.com.ar\/index.php\/2024\/11\/25\/catamarca-y-la-rioja-fortalecen-su-industria-vitivinicola\/","title":{"rendered":"Catamarca y La Rioja fortalecen su industria vitivin\u00edcola"},"content":{"rendered":"<p class=\"v1MsoNormal\">En la vecina provincia, expertos y funcionarios analizaron herramientas clave para potenciar la producci\u00f3n vitivin\u00edcola durante la Jornada de Valorizaci\u00f3n de Productos y Regiones Vitivin\u00edcolas de Catamarca y La Rioja, un evento realizado en el marco de EVINOR 2024.<\/p>\n<p class=\"v1MsoNormal\">El ministro de Inclusi\u00f3n Digital y Sistemas Productivos, Juan Cruz Miranda, junto con empresarios de bodegas locales de diferentes puntos de la provincia, particip\u00f3 en esta jornada, que tuvo lugar en la ciudad de Chilecito. El evento reuni\u00f3 a autoridades provinciales de ambas provincias, expertos de la COVIAR y productores vitivin\u00edcolas, con el objetivo de promover el desarrollo sostenible de la industria regional.<\/p>\n<p class=\"v1MsoNormal\">Entre los temas destacados, se presentaron los resultados de estudios de caracterizaci\u00f3n f\u00edsico-ambiental de las regiones vitivin\u00edcolas y una plataforma de informaci\u00f3n agrometeorol\u00f3gica, herramientas fundamentales para optimizar la calidad de los productos y evaluar su impacto en los mercados nacionales e internacionales.<\/p>\n<p class=\"v1MsoNormal\">El ministro Miranda particip\u00f3 en el panel de apertura institucional, mientras que Roc\u00edo Leiva, directora de Certificaci\u00f3n, Comercializaci\u00f3n y Agricultura Sostenible, form\u00f3 parte del panel de cierre.<\/p>\n<p class=\"v1MsoNormal\">Adem\u00e1s, se llev\u00f3 a cabo un conversatorio enfocado en la incorporaci\u00f3n de nuevas estrategias y tecnolog\u00edas para realzar el valor de los productos y las regiones vitivin\u00edcolas, subrayando la importancia de articular esfuerzos entre los sectores p\u00fablico y privado para impulsar el crecimiento del sector.<\/p>\n<p class=\"v1MsoNormal\">La participaci\u00f3n activa de empresarios, productores y especialistas reafirma el compromiso de Catamarca y La Rioja con el fortalecimiento de la industria vitivin\u00edcola, consolidando su posicionamiento como referentes en el \u00e1mbito nacional e internacional. Este trabajo conjunto no solo impulsa la econom\u00eda regional, sino que tambi\u00e9n destaca la calidad y el potencial de los vinos que representan a estas provincias en los mercados globales.<\/p>\n","protected":false},"excerpt":{"rendered":"<p>En la vecina provincia, expertos y funcionarios analizaron herramientas clave para potenciar la producci\u00f3n vitivin\u00edcola durante la Jornada de Valorizaci\u00f3n de Productos y Regiones Vitivin\u00edcolas de Catamarca y La Rioja, un evento realizado en el marco de EVINOR 2024. El ministro de Inclusi\u00f3n Digital y Sistemas Productivos, Juan Cruz Miranda, junto con empresarios de bodegas [&hellip;]<\/p>\n","protected":false},"author":2,"featured_media":3153,"comment_status":"open","ping_status":"open","sticky":false,"template":"","format":"standard","meta":{"footnotes":""},"categories":[21],"tags":[],"class_list":{"0":"post-3152","1":"post","2":"type-post","3":"status-publish","4":"format-standard","5":"has-post-thumbnail","7":"category-politica"},"aioseo_notices":[],"_links":{"self":[{"href":"https:\/\/elfaroonline.com.ar\/index.php\/wp-json\/wp\/v2\/posts\/3152","targetHints":{"allow":["GET"]}}],"collection":[{"href":"https:\/\/elfaroonline.com.ar\/index.php\/wp-json\/wp\/v2\/posts"}],"about":[{"href":"https:\/\/elfaroonline.com.ar\/index.php\/wp-json\/wp\/v2\/types\/post"}],"author":[{"embeddable":true,"href":"https:\/\/elfaroonline.com.ar\/index.php\/wp-json\/wp\/v2\/users\/2"}],"replies":[{"embeddable":true,"href":"https:\/\/elfaroonline.com.ar\/index.php\/wp-json\/wp\/v2\/comments?post=3152"}],"version-history":[{"count":1,"href":"https:\/\/elfaroonline.com.ar\/index.php\/wp-json\/wp\/v2\/posts\/3152\/revisions"}],"predecessor-version":[{"id":3154,"href":"https:\/\/elfaroonline.com.ar\/index.php\/wp-json\/wp\/v2\/posts\/3152\/revisions\/3154"}],"wp:featuredmedia":[{"embeddable":true,"href":"https:\/\/elfaroonline.com.ar\/index.php\/wp-json\/wp\/v2\/media\/3153"}],"wp:attachment":[{"href":"https:\/\/elfaroonline.com.ar\/index.php\/wp-json\/wp\/v2\/media?parent=3152"}],"wp:term":[{"taxonomy":"category","embeddable":true,"href":"https:\/\/elfaroonline.com.ar\/index.php\/wp-json\/wp\/v2\/categories?post=3152"},{"taxonomy":"post_tag","embeddable":true,"href":"https:\/\/elfaroonline.com.ar\/index.php\/wp-json\/wp\/v2\/tags?post=3152"}],"curies":[{"name":"wp","href":"https:\/\/api.w.org\/{rel}","templated":true}]}}