{"id":3229,"date":"2024-11-29T07:46:21","date_gmt":"2024-11-29T10:46:21","guid":{"rendered":"https:\/\/elfaroonline.com.ar\/?p=3229"},"modified":"2024-11-29T07:46:21","modified_gmt":"2024-11-29T10:46:21","slug":"fuerte-temporal-en-telaritos-deja-como-saldo-tres-ninos-hospitalizados-y-danos-estructurales","status":"publish","type":"post","link":"https:\/\/elfaroonline.com.ar\/index.php\/2024\/11\/29\/fuerte-temporal-en-telaritos-deja-como-saldo-tres-ninos-hospitalizados-y-danos-estructurales\/","title":{"rendered":"Fuerte temporal en Telaritos deja como saldo tres ni\u00f1os hospitalizados y da\u00f1os estructurales"},"content":{"rendered":"<p>Una intensa tormenta se registr\u00f3 el jueves por la madrugada en el Este provincial, ocasionando graves inconvenientes en la localidad de Telaritos, departamento Capay\u00e1n.<br \/>\nWalter Z\u00e1rate, director de Defensa Civil de la provincia, dijo en declaraciones radiales que el frente de la tormenta se localiz\u00f3 en la zona de Telaritos con fuertes vientos, lluvias y ca\u00edda de granizo, y que fueron m\u00e1s de 130 personas quienes sufrieron las consecuencias devastadoras.<\/p>\n<article class=\"article-body article-body--second-paragraph\">&#8220;Se registraron voladuras de techo, ca\u00eddas de l\u00ednea de media y alta tensi\u00f3n&#8221;, dijo Z\u00e1rate, a la vez que detall\u00f3 que se desplom\u00f3 una torre de alta tensi\u00f3n y que los cables atravesaban el pueblo.<\/p>\n<p>Luego, a\u00f1adi\u00f3: \u201cLa iglesia, la delegaci\u00f3n municipal, la subcomisar\u00eda, la escuela, las casas e incluso el tanque elevado de la plaza, todo result\u00f3 da\u00f1ado. No hubo un techo que no haya colapsado. Los da\u00f1os fueron cuantiosos, muchas viviendas inundadas\u201d.<\/p>\n<h2>Evacuaci\u00f3n y asistencia<\/h2>\n<p>M\u00e1s de 130 personas se vieron afectadas producto del temporal. Algunos pobladores resolvieron autoevacuarse y refugiarse en casas particulares de familiares o amigos. Se conoci\u00f3 tambi\u00e9n que una de las familias se traslad\u00f3 a la escuela.<\/p>\n<p>El director de Defensa Civil coment\u00f3 que estuvieron trabajando en conjunto con la Polic\u00eda y bomberos durante la madrugada para asistir a los vecinos y realizar un relevamiento de los da\u00f1os.<\/p>\n<p>En horas de la ma\u00f1ana, operarios de TRANSNOA y EC SAPEM llegaron al lugar para comenzar con las reparaciones y restablecer el servicio de energ\u00eda el\u00e9ctrica. Seg\u00fan informaron, los trabajos se demoraron por la imposibilidad de ingreso de veh\u00edculos de porte por el barro que dej\u00f3 la tormenta.<\/p>\n<h2>Heridos<\/h2>\n<p>En conferencia de prensa, ayer al mediod\u00eda la doctora Graciela Romero, directora del Hospital de Ni\u00f1os, se refiri\u00f3 al estado de salud de las cuatro personas heridas.<\/p>\n<p>Coment\u00f3 que uno de los ni\u00f1os de 8 a\u00f1os habr\u00eda sufrido un aplastamiento por la ca\u00edda de mamposter\u00eda y que, debido a los politraumatismos su estado es cr\u00edtico.<\/p>\n<p>Por su parte, el Dr. Walter Marzola, jefe de Terapia Intensiva del HINEP, manifest\u00f3 \u201cen la madrugada \u2013alrededor de la hora 2.50- arribaron al Hospital tra\u00eddos por el servicio de emergencia tres pacientes originarios de Telaritos con un diagn\u00f3stico de politrauma. Estos tres chicos ven\u00edan con su mam\u00e1, que est\u00e1 embarazada y uno de los pacientes qued\u00f3 en terapia intensiva, en estado reservado. Y los otros dos est\u00e1n m\u00e1s estables, en cl\u00ednica m\u00e9dica&#8221;.<\/p>\n<p>La madre de los ni\u00f1os tuvo que ser trasladada a la Maternidad Provincial 25 de Mayo por politraumatismos y su embarazo.<\/p>\n<p>La directora del nosocomio tambi\u00e9n dijo que durante la ma\u00f1ana lleg\u00f3 el padre de los ni\u00f1os, quien estaba trabajando en otro sitio.<\/p>\n<p>Marzola, a su turno, indic\u00f3 sobre el paciente m\u00e1s cr\u00edtico que \u201chay que ver estas 48 o 72 horas c\u00f3mo evoluciona\u201d y que se encuentra con asistencia mec\u00e1nica para respirar.<\/p>\n<p>Sobre el final de la charla, el doctor Marzola tambi\u00e9n indic\u00f3 que \u201ceste es uno de los casos que nos debe interpelar para que uno como integrante de la sociedad a aprender primeros auxilios y RCP. Porque es clave en los primeros momentos de un acontecimiento de estas caracter\u00edsticas\u201d, dijo.<\/p>\n<\/article>\n","protected":false},"excerpt":{"rendered":"<p>Una intensa tormenta se registr\u00f3 el jueves por la madrugada en el Este provincial, ocasionando graves inconvenientes en la localidad de Telaritos, departamento Capay\u00e1n. Walter Z\u00e1rate, director de Defensa Civil de la provincia, dijo en declaraciones radiales que el frente de la tormenta se localiz\u00f3 en la zona de Telaritos con fuertes vientos, lluvias y [&hellip;]<\/p>\n","protected":false},"author":2,"featured_media":3230,"comment_status":"open","ping_status":"open","sticky":false,"template":"","format":"standard","meta":{"footnotes":""},"categories":[23,27],"tags":[],"class_list":{"0":"post-3229","1":"post","2":"type-post","3":"status-publish","4":"format-standard","5":"has-post-thumbnail","7":"category-destacados","8":"category-policiales"},"aioseo_notices":[],"_links":{"self":[{"href":"https:\/\/elfaroonline.com.ar\/index.php\/wp-json\/wp\/v2\/posts\/3229","targetHints":{"allow":["GET"]}}],"collection":[{"href":"https:\/\/elfaroonline.com.ar\/index.php\/wp-json\/wp\/v2\/posts"}],"about":[{"href":"https:\/\/elfaroonline.com.ar\/index.php\/wp-json\/wp\/v2\/types\/post"}],"author":[{"embeddable":true,"href":"https:\/\/elfaroonline.com.ar\/index.php\/wp-json\/wp\/v2\/users\/2"}],"replies":[{"embeddable":true,"href":"https:\/\/elfaroonline.com.ar\/index.php\/wp-json\/wp\/v2\/comments?post=3229"}],"version-history":[{"count":1,"href":"https:\/\/elfaroonline.com.ar\/index.php\/wp-json\/wp\/v2\/posts\/3229\/revisions"}],"predecessor-version":[{"id":3231,"href":"https:\/\/elfaroonline.com.ar\/index.php\/wp-json\/wp\/v2\/posts\/3229\/revisions\/3231"}],"wp:featuredmedia":[{"embeddable":true,"href":"https:\/\/elfaroonline.com.ar\/index.php\/wp-json\/wp\/v2\/media\/3230"}],"wp:attachment":[{"href":"https:\/\/elfaroonline.com.ar\/index.php\/wp-json\/wp\/v2\/media?parent=3229"}],"wp:term":[{"taxonomy":"category","embeddable":true,"href":"https:\/\/elfaroonline.com.ar\/index.php\/wp-json\/wp\/v2\/categories?post=3229"},{"taxonomy":"post_tag","embeddable":true,"href":"https:\/\/elfaroonline.com.ar\/index.php\/wp-json\/wp\/v2\/tags?post=3229"}],"curies":[{"name":"wp","href":"https:\/\/api.w.org\/{rel}","templated":true}]}}