{"id":324,"date":"2024-04-25T23:04:23","date_gmt":"2024-04-26T02:04:23","guid":{"rendered":"https:\/\/elfaroonline.com.ar\/?p=324"},"modified":"2024-04-25T23:04:23","modified_gmt":"2024-04-26T02:04:23","slug":"extension-del-plazo-para-la-inscripcion-al-boleto-estudiantil-gratuito","status":"publish","type":"post","link":"https:\/\/elfaroonline.com.ar\/index.php\/2024\/04\/25\/extension-del-plazo-para-la-inscripcion-al-boleto-estudiantil-gratuito\/","title":{"rendered":"Extensi\u00f3n del plazo para la inscripci\u00f3n al Boleto Estudiantil Gratuito"},"content":{"rendered":"<p class=\"v1MsoNormal\">El Ministerio de Integraci\u00f3n Regional, Log\u00edstica y Transporte, junto al Gobierno de la Provincia de Catamarca, anuncia la extensi\u00f3n del plazo de inscripci\u00f3n para el Boleto Estudiantil Gratuito (BEG) hasta el 15 de mayo de 2024, debido a la alta demanda de los estudiantes y con el prop\u00f3sito de garantizar que todos puedan acceder a este valioso beneficio.<\/p>\n<p class=\"v1MsoNormal\">\n<p class=\"v1MsoNormal\">Para asegurar la m\u00e1xima cobertura y facilidad de acceso a todos los estudiantes de la provincia, se continuar\u00e1n realizando operativos de inscripci\u00f3n en los diferentes circuitos de la Capital. Las fechas y locaciones espec\u00edficas de estos operativos son comunicadas a trav\u00e9s de las redes sociales oficiales del Ministerio de Integraci\u00f3n Regional, Log\u00edstica y Transporte. Cabe destacar que tambi\u00e9n se encuentra habilitado el sitio web <a href=\"http:\/\/transporte.catamarca.gob.ar\/\" target=\"_blank\" rel=\"noopener noreferrer\">transporte.catamarca.gob.ar<\/a> para realizar el tr\u00e1mite online.<\/p>\n<p class=\"v1MsoNormal\">\n<p class=\"v1MsoNormal\">Adem\u00e1s, para centralizar esfuerzos y proporcionar una atenci\u00f3n eficiente, se realizar\u00e1n Jornadas intensivas de inscripci\u00f3n en el Predio Ferial Catamarca durante los d\u00edas 7, 8 y 9 de mayo, en dos turnos: de 8:00 a 13:00 hs y de 15:00 a 19:00 hs. Durante estos d\u00edas, las oficinas SUBE de la terminal de Catamarca no ofrecer\u00e1n servicios, ya que todo el personal estar\u00e1 abocado a la atenci\u00f3n del p\u00fablico en el Predio Ferial. Estas jornadas tienen como objetivo principal brindar asesoramiento e inscribir a todos aquellos estudiantes que no han podido realizar su tr\u00e1mite. Se ruega revisar los requisitos y asistir con la documentaci\u00f3n requerida para la inscripci\u00f3n.<\/p>\n<p class=\"v1MsoNormal\">\n<p class=\"v1MsoNormal\"><b>Para m\u00e1s informaci\u00f3n<\/b><\/p>\n<p class=\"v1MsoNormal\">\n<p class=\"v1MsoNormal\">Facebook: <a href=\"https:\/\/www.facebook.com\/ministerio.integracionregional.cat\/\" target=\"_blank\" rel=\"noopener noreferrer\">https:\/\/www.facebook.com\/ministerio.integracionregional.cat\/<\/a><\/p>\n<p class=\"v1MsoNormal\">Instagram: <a href=\"https:\/\/www.instagram.com\/min.integracionregional.cat\/\" target=\"_blank\" rel=\"noopener noreferrer\">https:\/\/www.instagram.com\/min.integracionregional.cat\/<\/a><\/p>\n","protected":false},"excerpt":{"rendered":"<p>El Ministerio de Integraci\u00f3n Regional, Log\u00edstica y Transporte, junto al Gobierno de la Provincia de Catamarca, anuncia la extensi\u00f3n del plazo de inscripci\u00f3n para el Boleto Estudiantil Gratuito (BEG) hasta el 15 de mayo de 2024, debido a la alta demanda de los estudiantes y con el prop\u00f3sito de garantizar que todos puedan acceder a [&hellip;]<\/p>\n","protected":false},"author":2,"featured_media":325,"comment_status":"open","ping_status":"open","sticky":false,"template":"","format":"standard","meta":{"footnotes":""},"categories":[20],"tags":[],"class_list":{"0":"post-324","1":"post","2":"type-post","3":"status-publish","4":"format-standard","5":"has-post-thumbnail","7":"category-sociedad"},"aioseo_notices":[],"_links":{"self":[{"href":"https:\/\/elfaroonline.com.ar\/index.php\/wp-json\/wp\/v2\/posts\/324","targetHints":{"allow":["GET"]}}],"collection":[{"href":"https:\/\/elfaroonline.com.ar\/index.php\/wp-json\/wp\/v2\/posts"}],"about":[{"href":"https:\/\/elfaroonline.com.ar\/index.php\/wp-json\/wp\/v2\/types\/post"}],"author":[{"embeddable":true,"href":"https:\/\/elfaroonline.com.ar\/index.php\/wp-json\/wp\/v2\/users\/2"}],"replies":[{"embeddable":true,"href":"https:\/\/elfaroonline.com.ar\/index.php\/wp-json\/wp\/v2\/comments?post=324"}],"version-history":[{"count":1,"href":"https:\/\/elfaroonline.com.ar\/index.php\/wp-json\/wp\/v2\/posts\/324\/revisions"}],"predecessor-version":[{"id":326,"href":"https:\/\/elfaroonline.com.ar\/index.php\/wp-json\/wp\/v2\/posts\/324\/revisions\/326"}],"wp:featuredmedia":[{"embeddable":true,"href":"https:\/\/elfaroonline.com.ar\/index.php\/wp-json\/wp\/v2\/media\/325"}],"wp:attachment":[{"href":"https:\/\/elfaroonline.com.ar\/index.php\/wp-json\/wp\/v2\/media?parent=324"}],"wp:term":[{"taxonomy":"category","embeddable":true,"href":"https:\/\/elfaroonline.com.ar\/index.php\/wp-json\/wp\/v2\/categories?post=324"},{"taxonomy":"post_tag","embeddable":true,"href":"https:\/\/elfaroonline.com.ar\/index.php\/wp-json\/wp\/v2\/tags?post=324"}],"curies":[{"name":"wp","href":"https:\/\/api.w.org\/{rel}","templated":true}]}}