{"id":3242,"date":"2025-02-01T11:19:44","date_gmt":"2025-02-01T14:19:44","guid":{"rendered":"https:\/\/elfaroonline.com.ar\/?p=3242"},"modified":"2025-02-01T11:19:44","modified_gmt":"2025-02-01T14:19:44","slug":"con-fondos-de-la-mineria-avanzan-las-obras-de-la-nueva-terminal-de-omnibus-y-hospital-en-belen","status":"publish","type":"post","link":"https:\/\/elfaroonline.com.ar\/index.php\/2025\/02\/01\/con-fondos-de-la-mineria-avanzan-las-obras-de-la-nueva-terminal-de-omnibus-y-hospital-en-belen\/","title":{"rendered":"Con fondos de la miner\u00eda, avanzan las obras de la nueva Terminal de \u00d3mnibus y Hospital en Bel\u00e9n"},"content":{"rendered":"<p class=\"v1MsoNormal\">En otra de las actividades oficiales en Bel\u00e9n, la comitiva encabezada por el gobernador Ra\u00fal Jalil y el intendente Cristian Yapura, inspeccionaron las obras de la nueva Terminal de \u00d3mnibus y Hospital que se construyen en la cabecera departamental.<\/p>\n<p class=\"v1MsoNormal\">Ambas obras son financiadas con fondos provenientes de la miner\u00eda, y representan una infraestructura que cambiar\u00e1 la realidad y calidad de servicios de transporte y salud para todos los vecinos de Bel\u00e9n y localidades cercanas.<\/p>\n<p class=\"v1MsoNormal\">El moderno complejo donde se construye la nueva Terminal ser\u00e1 el m\u00e1s grande del interior provincial, abarca un predio de m\u00e1s de 17.000 m\u00b2 y contar\u00e1 con \u00e1reas espec\u00edficas para el transporte, un bloque gastron\u00f3mico-comercial con patio de comidas, microcine, plazas y sanitarios, adem\u00e1s de un sector institucional con sala de conferencias y cajeros.<\/p>\n<p class=\"v1MsoNormal\">En materia de salud, el nuevo hospital significa la inversi\u00f3n m\u00e1s importante en el sector en los \u00faltimos a\u00f1os. La ingeniera Jorgelina Carrizo brind\u00f3 detalles sobre el avance de la construcci\u00f3n, indicando que el hospital presenta un buen progreso en su ejecuci\u00f3n total. &#8220;Actualmente se trabaja en m\u00faltiples frentes, con un 80% de avance en la colocaci\u00f3n de losas y un 90% en el sistema de cloacas, fundamental para todas las naves del edificio. Tambi\u00e9n se est\u00e1n desarrollando tareas en mamposter\u00eda, vigas y estructuras met\u00e1licas&#8221;, detall\u00f3. El nuevo nosocomio tendr\u00e1 todos los espacios necesarios para brindar la atenci\u00f3n de salud.<\/p>\n<p class=\"v1MsoNormal\">Seg\u00fan las estimaciones del Ministerio de Infraestructura y Obras Civiles ambas obras podr\u00edan estar finalizadas a comienzos del pr\u00f3ximo a\u00f1o.<\/p>\n","protected":false},"excerpt":{"rendered":"<p>En otra de las actividades oficiales en Bel\u00e9n, la comitiva encabezada por el gobernador Ra\u00fal Jalil y el intendente Cristian Yapura, inspeccionaron las obras de la nueva Terminal de \u00d3mnibus y Hospital que se construyen en la cabecera departamental. Ambas obras son financiadas con fondos provenientes de la miner\u00eda, y representan una infraestructura que cambiar\u00e1 [&hellip;]<\/p>\n","protected":false},"author":2,"featured_media":3243,"comment_status":"open","ping_status":"open","sticky":false,"template":"","format":"standard","meta":{"footnotes":""},"categories":[21],"tags":[],"class_list":{"0":"post-3242","1":"post","2":"type-post","3":"status-publish","4":"format-standard","5":"has-post-thumbnail","7":"category-politica"},"aioseo_notices":[],"_links":{"self":[{"href":"https:\/\/elfaroonline.com.ar\/index.php\/wp-json\/wp\/v2\/posts\/3242","targetHints":{"allow":["GET"]}}],"collection":[{"href":"https:\/\/elfaroonline.com.ar\/index.php\/wp-json\/wp\/v2\/posts"}],"about":[{"href":"https:\/\/elfaroonline.com.ar\/index.php\/wp-json\/wp\/v2\/types\/post"}],"author":[{"embeddable":true,"href":"https:\/\/elfaroonline.com.ar\/index.php\/wp-json\/wp\/v2\/users\/2"}],"replies":[{"embeddable":true,"href":"https:\/\/elfaroonline.com.ar\/index.php\/wp-json\/wp\/v2\/comments?post=3242"}],"version-history":[{"count":1,"href":"https:\/\/elfaroonline.com.ar\/index.php\/wp-json\/wp\/v2\/posts\/3242\/revisions"}],"predecessor-version":[{"id":3244,"href":"https:\/\/elfaroonline.com.ar\/index.php\/wp-json\/wp\/v2\/posts\/3242\/revisions\/3244"}],"wp:featuredmedia":[{"embeddable":true,"href":"https:\/\/elfaroonline.com.ar\/index.php\/wp-json\/wp\/v2\/media\/3243"}],"wp:attachment":[{"href":"https:\/\/elfaroonline.com.ar\/index.php\/wp-json\/wp\/v2\/media?parent=3242"}],"wp:term":[{"taxonomy":"category","embeddable":true,"href":"https:\/\/elfaroonline.com.ar\/index.php\/wp-json\/wp\/v2\/categories?post=3242"},{"taxonomy":"post_tag","embeddable":true,"href":"https:\/\/elfaroonline.com.ar\/index.php\/wp-json\/wp\/v2\/tags?post=3242"}],"curies":[{"name":"wp","href":"https:\/\/api.w.org\/{rel}","templated":true}]}}