{"id":3245,"date":"2025-02-01T11:23:47","date_gmt":"2025-02-01T14:23:47","guid":{"rendered":"https:\/\/elfaroonline.com.ar\/?p=3245"},"modified":"2025-02-01T11:23:47","modified_gmt":"2025-02-01T14:23:47","slug":"el-gobierno-anuncio-que-garantiza-el-pago-del-incentivo-docente-con-fondos-propios-y-nuevo-concepto","status":"publish","type":"post","link":"https:\/\/elfaroonline.com.ar\/index.php\/2025\/02\/01\/el-gobierno-anuncio-que-garantiza-el-pago-del-incentivo-docente-con-fondos-propios-y-nuevo-concepto\/","title":{"rendered":"El Gobierno anunci\u00f3 que garantiza el pago del Incentivo Docente con fondos propios y nuevo concepto"},"content":{"rendered":"<p class=\"v1MsoNormal\">El Gobierno de la Provincia anunci\u00f3 la continuidad del incentivo docente tras la eliminaci\u00f3n del Fondo Nacional de Incentivo Docente (FONID). A partir del 1 de enero de 2025, este beneficio se otorgar\u00e1 bajo el concepto de Bonificaci\u00f3n &#8220;Incentivo a la Asistencia Docente&#8221;, destinando fondos provinciales para cubrirlo, con el objetivo de fortalecer la calidad educativa y garantizar la continuidad pedag\u00f3gica.<\/p>\n<p class=\"v1MsoNormal\">Se trata de un pago mensual de $28.700 para docentes que no registren inasistencias, aplicable hasta un m\u00e1ximo de dos cargos, que unifica los conceptos FONID y Conectividad e Insumos escolares.<\/p>\n<p class=\"v1MsoNormal\">A este beneficio podr\u00e1n acceder quienes tengan al menos 15 horas c\u00e1tedra en Nivel Secundario o 12 en Nivel Superior, con un monto proporcional para quienes posean menor carga horaria.<\/p>\n<p class=\"v1MsoNormal\">El incentivo no se perder\u00e1 solamente en caso de la Licencia Anual Ordinaria y la Licencia por Maternidad o Nacimiento.<\/p>\n<p class=\"v1MsoNormal\">Otras provincias ya implementan esquemas similares, como Buenos Aires con un adicional por presentismo, Santa Fe con su programa &#8220;Asistencia Perfecta&#8221;, C\u00f3rdoba con el &#8220;\u00edtem profesionalidad docente&#8221; y Mendoza con el &#8220;\u00cdtem Aula&#8221;.<\/p>\n<p class=\"v1MsoNormal\">Con esta medida, Catamarca reafirma su compromiso con la educaci\u00f3n y la estabilidad salarial de los docentes, garantizando el pago del incentivo con recursos propios.<\/p>\n","protected":false},"excerpt":{"rendered":"<p>El Gobierno de la Provincia anunci\u00f3 la continuidad del incentivo docente tras la eliminaci\u00f3n del Fondo Nacional de Incentivo Docente (FONID). A partir del 1 de enero de 2025, este beneficio se otorgar\u00e1 bajo el concepto de Bonificaci\u00f3n &#8220;Incentivo a la Asistencia Docente&#8221;, destinando fondos provinciales para cubrirlo, con el objetivo de fortalecer la calidad [&hellip;]<\/p>\n","protected":false},"author":2,"featured_media":3246,"comment_status":"open","ping_status":"open","sticky":false,"template":"","format":"standard","meta":{"footnotes":""},"categories":[20],"tags":[],"class_list":{"0":"post-3245","1":"post","2":"type-post","3":"status-publish","4":"format-standard","5":"has-post-thumbnail","7":"category-sociedad"},"aioseo_notices":[],"_links":{"self":[{"href":"https:\/\/elfaroonline.com.ar\/index.php\/wp-json\/wp\/v2\/posts\/3245","targetHints":{"allow":["GET"]}}],"collection":[{"href":"https:\/\/elfaroonline.com.ar\/index.php\/wp-json\/wp\/v2\/posts"}],"about":[{"href":"https:\/\/elfaroonline.com.ar\/index.php\/wp-json\/wp\/v2\/types\/post"}],"author":[{"embeddable":true,"href":"https:\/\/elfaroonline.com.ar\/index.php\/wp-json\/wp\/v2\/users\/2"}],"replies":[{"embeddable":true,"href":"https:\/\/elfaroonline.com.ar\/index.php\/wp-json\/wp\/v2\/comments?post=3245"}],"version-history":[{"count":1,"href":"https:\/\/elfaroonline.com.ar\/index.php\/wp-json\/wp\/v2\/posts\/3245\/revisions"}],"predecessor-version":[{"id":3247,"href":"https:\/\/elfaroonline.com.ar\/index.php\/wp-json\/wp\/v2\/posts\/3245\/revisions\/3247"}],"wp:featuredmedia":[{"embeddable":true,"href":"https:\/\/elfaroonline.com.ar\/index.php\/wp-json\/wp\/v2\/media\/3246"}],"wp:attachment":[{"href":"https:\/\/elfaroonline.com.ar\/index.php\/wp-json\/wp\/v2\/media?parent=3245"}],"wp:term":[{"taxonomy":"category","embeddable":true,"href":"https:\/\/elfaroonline.com.ar\/index.php\/wp-json\/wp\/v2\/categories?post=3245"},{"taxonomy":"post_tag","embeddable":true,"href":"https:\/\/elfaroonline.com.ar\/index.php\/wp-json\/wp\/v2\/tags?post=3245"}],"curies":[{"name":"wp","href":"https:\/\/api.w.org\/{rel}","templated":true}]}}