{"id":3248,"date":"2025-02-01T11:27:16","date_gmt":"2025-02-01T14:27:16","guid":{"rendered":"https:\/\/elfaroonline.com.ar\/?p=3248"},"modified":"2025-02-01T11:27:16","modified_gmt":"2025-02-01T14:27:16","slug":"urbanizacion-mas-calles-de-belen-ya-cuentan-con-pavimento","status":"publish","type":"post","link":"https:\/\/elfaroonline.com.ar\/index.php\/2025\/02\/01\/urbanizacion-mas-calles-de-belen-ya-cuentan-con-pavimento\/","title":{"rendered":"Urbanizaci\u00f3n: m\u00e1s calles de Bel\u00e9n ya cuentan con pavimento"},"content":{"rendered":"<p class=\"v1MsoNormal\">El gobernador Ra\u00fal Jalil, junto a su equipo de gobierno y el intendente Cristian Yapura, visit\u00f3 el departamento Bel\u00e9n para inaugurar obras de infraestructura urbana y supervisar el avance de proyectos estrat\u00e9gicos en la ciudad.<\/p>\n<p class=\"v1MsoNormal\">\n<p class=\"v1MsoNormal\">En la primera actividad, las autoridades dejaron inaugurada la nueva pavimentaci\u00f3n en el Barrio Artaza, con la presencia de los vecinos y vecinas de la zona sur de Bel\u00e9n. Esta intervenci\u00f3n forma parte del plan de asfaltado que incluy\u00f3 la pavimentaci\u00f3n de Avenida Bicentenario en 1.800 metros, adem\u00e1s de los 400 metros en el barrio Santa Luc\u00eda. Paralelamente, en conjunto con la Municipalidad de Bel\u00e9n, se avanza en la obra b\u00e1sica del Pasaje Virgen del Valle.<\/p>\n<p class=\"v1MsoNormal\">\n<p class=\"v1MsoNormal\">Los trabajos, ejecutados por Vialidad Provincial, demandaron una inversi\u00f3n de $450 millones y representan un importante avance en la infraestructura urbana de la ciudad.<\/p>\n<p class=\"v1MsoNormal\">\n<p class=\"v1MsoNormal\">El intendente Cristian Yapura destac\u00f3 la importancia de esta obra para la comunidad y agradeci\u00f3 el apoyo del gobernador Ra\u00fal Jalil en su concreci\u00f3n. &#8220;Esta pavimentaci\u00f3n era una demanda hist\u00f3rica de los vecinos. Cuando planteamos esta necesidad, el Gobernador supo escuchar, entender y, lo m\u00e1s importante, decidir que deb\u00eda hacerse&#8221;, expres\u00f3.<\/p>\n<p class=\"v1MsoNormal\">\n<p class=\"v1MsoNormal\">Por su parte, vecinas de la ciudad manifestaron su alegr\u00eda y emoci\u00f3n por la concreci\u00f3n de la obra, destacando el esfuerzo realizado a lo largo de los a\u00f1os para que este proyecto se hiciera realidad. &#8220;Por fin se cumple un sue\u00f1o tan anhelado, por el que hemos luchado durante mucho tiempo. Esta obra era una necesidad para todos, y hoy podemos verla concretada&#8221;, expres\u00f3 una de las residentes.<\/p>\n<p class=\"v1MsoNormal\">\n<p class=\"v1MsoNormal\">Otra vecina tom\u00f3 la palabra y record\u00f3 el esfuerzo de la comunidad: &#8220;Fueron tres o cuatro a\u00f1os de lucha constante, de movilizaciones, de insistencia. Nos ve\u00edan en todos lados, siempre pidiendo por algo que nos correspond\u00eda y que era fundamental para nuestra comunidad&#8221;.<\/p>\n<p class=\"v1MsoNormal\">\n<p class=\"v1MsoNormal\">En la recorrida por las distintas obras participaron el ministro de Gobierno, Justicia y Derechos Humanos, Nicol\u00e1s Rosales; el ministro de Infraestructura y Obras Civiles, Juan Marchetti; la ministra de Trabajo, Planificaci\u00f3n y Recursos Humanos, Ver\u00f3nica Soria; el ministro de Industria, Comercio y Empleo, Sebasti\u00e1n Caria; la ministra de Seguridad, Fabiola Segura; el ministro de Desarrollo Social, Gonzalo Mascheroni; el ministro de Miner\u00eda, Marcelo Murua; el ministro de Agua, Energ\u00eda y Medio Ambiente, Eduardo Niederle; la asesora general de Gobierno, Mara Murua; diputados provinciales, intendentes de Bel\u00e9n, entre otras autoridades.<\/p>\n","protected":false},"excerpt":{"rendered":"<p>El gobernador Ra\u00fal Jalil, junto a su equipo de gobierno y el intendente Cristian Yapura, visit\u00f3 el departamento Bel\u00e9n para inaugurar obras de infraestructura urbana y supervisar el avance de proyectos estrat\u00e9gicos en la ciudad. En la primera actividad, las autoridades dejaron inaugurada la nueva pavimentaci\u00f3n en el Barrio Artaza, con la presencia de los [&hellip;]<\/p>\n","protected":false},"author":2,"featured_media":3249,"comment_status":"open","ping_status":"open","sticky":false,"template":"","format":"standard","meta":{"footnotes":""},"categories":[20],"tags":[],"class_list":{"0":"post-3248","1":"post","2":"type-post","3":"status-publish","4":"format-standard","5":"has-post-thumbnail","7":"category-sociedad"},"aioseo_notices":[],"_links":{"self":[{"href":"https:\/\/elfaroonline.com.ar\/index.php\/wp-json\/wp\/v2\/posts\/3248","targetHints":{"allow":["GET"]}}],"collection":[{"href":"https:\/\/elfaroonline.com.ar\/index.php\/wp-json\/wp\/v2\/posts"}],"about":[{"href":"https:\/\/elfaroonline.com.ar\/index.php\/wp-json\/wp\/v2\/types\/post"}],"author":[{"embeddable":true,"href":"https:\/\/elfaroonline.com.ar\/index.php\/wp-json\/wp\/v2\/users\/2"}],"replies":[{"embeddable":true,"href":"https:\/\/elfaroonline.com.ar\/index.php\/wp-json\/wp\/v2\/comments?post=3248"}],"version-history":[{"count":1,"href":"https:\/\/elfaroonline.com.ar\/index.php\/wp-json\/wp\/v2\/posts\/3248\/revisions"}],"predecessor-version":[{"id":3250,"href":"https:\/\/elfaroonline.com.ar\/index.php\/wp-json\/wp\/v2\/posts\/3248\/revisions\/3250"}],"wp:featuredmedia":[{"embeddable":true,"href":"https:\/\/elfaroonline.com.ar\/index.php\/wp-json\/wp\/v2\/media\/3249"}],"wp:attachment":[{"href":"https:\/\/elfaroonline.com.ar\/index.php\/wp-json\/wp\/v2\/media?parent=3248"}],"wp:term":[{"taxonomy":"category","embeddable":true,"href":"https:\/\/elfaroonline.com.ar\/index.php\/wp-json\/wp\/v2\/categories?post=3248"},{"taxonomy":"post_tag","embeddable":true,"href":"https:\/\/elfaroonline.com.ar\/index.php\/wp-json\/wp\/v2\/tags?post=3248"}],"curies":[{"name":"wp","href":"https:\/\/api.w.org\/{rel}","templated":true}]}}