{"id":3254,"date":"2025-02-01T11:32:26","date_gmt":"2025-02-01T14:32:26","guid":{"rendered":"https:\/\/elfaroonline.com.ar\/?p=3254"},"modified":"2025-02-01T11:32:26","modified_gmt":"2025-02-01T14:32:26","slug":"el-gobierno-provincial-y-la-uica-trabajaran-para-reinsertar-a-los-despedidos-de-mom-sport","status":"publish","type":"post","link":"https:\/\/elfaroonline.com.ar\/index.php\/2025\/02\/01\/el-gobierno-provincial-y-la-uica-trabajaran-para-reinsertar-a-los-despedidos-de-mom-sport\/","title":{"rendered":"El Gobierno provincial y la UICa trabajar\u00e1n para reinsertar a los despedidos de Mom Sport"},"content":{"rendered":"<p class=\"v1MsoNormal\"><i>El Estado asistir\u00e1 con un est\u00edmulo de $450.000 a las empresas que los tomen.<\/i><\/p>\n<p class=\"v1MsoNormal\">El gobernador Ra\u00fal Jalil encabez\u00f3 una reuni\u00f3n junto al ministro de Industria, Comercio y Empleo, Sebasti\u00e1n Caria; la ministra de Econom\u00eda, Alejandra Nazareno; y el presidente de la Uni\u00f3n Industrial de Catamarca (UICA), Carlos Muia, en la que se trataron temas relacionados a la situaci\u00f3n de la industria local y la afectaci\u00f3n que sufre por las nuevas medidas ejecutadas en el contexto nacional.<\/p>\n<p class=\"v1MsoNormal\">En ese marco se trat\u00f3 la situaci\u00f3n de la empresa Mom Sport, cuyo convenio se rescindi\u00f3 a partir del incumplimiento de las obligaciones salariales con los empleados, y se estableci\u00f3 que el Gobierno provincial cumplir\u00e1 con el aporte establecido para cada trabajador por los meses de diciembre y enero, de $450 mil pesos cada uno.<\/p>\n<p class=\"v1MsoNormal\">A su vez, se acord\u00f3 que se trabajar\u00e1 con la UICa para reubicar a los trabajadores despedidos, para lo cual se estableci\u00f3 que, como incentivo, y por un lapso de tiempo a acordar, se realizar\u00e1 un aporte estatal a la empresa que tome a un operario despedido, del mismo monto acordado en su momento con Mom Sport, esto es de $450 mil pesos, para sumar al salario total.<\/p>\n<p class=\"v1MsoNormal\">El ministro Caria se\u00f1al\u00f3 luego de la reuni\u00f3n que &#8220;vamos a tratar por todos los medios de que estos trabajadores que hoy sufren esta incertidumbre se puedan reubicar pronto y para ello el Gobierno propone el est\u00edmulo de aportar parte del salario para aquellas empresas que los vayan incorporando&#8221;.<\/p>\n<p class=\"v1MsoNormal\">&#8220;Sin dudas que lo de esta planta es una situaci\u00f3n dif\u00edcil que hemos tratado de resolver con esta empresa, pero el contexto por el que est\u00e1 atravesando la industria en general no es el mejor y confluy\u00f3 para que se de este final. Pero desde el Gobierno vamos a seguir trabajando para revertir las dificultades y ojal\u00e1 pronto estemos hablando nuevamente de una industria catamarque\u00f1a que suma producci\u00f3n y genera m\u00e1s empleo genuino&#8221;.<\/p>\n<p class=\"v1MsoNormal\"><b>Preocupaci\u00f3n del sector industrial por importaciones<\/b><\/p>\n<p class=\"v1MsoNormal\">Por su parte, el presidente de la Uni\u00f3n Industrial de Catamarca (UICA), Carlos Muia, expres\u00f3 su preocupaci\u00f3n por la situaci\u00f3n que atraviesa la industria nacional, especialmente el sector textil, debido al ingreso irrestricto de mercader\u00eda extranjera a precios extremadamente bajos. &#8220;Estamos tratando de convencer a las autoridades nacionales de la necesidad de restablecer el sistema de anti-dumping, ya que actualmente observamos el ingreso masivo de productos a precios que no reflejan los costos reales de producci\u00f3n&#8221;, se\u00f1al\u00f3 Muia.<\/p>\n<p class=\"v1MsoNormal\">Asimismo, advirti\u00f3 que la pol\u00edtica de apertura comercial sin regulaciones est\u00e1 destruyendo la estructura industrial del pa\u00eds. &#8220;Dicen que quieren bajar los precios del mercado interno, pero lo que realmente hacen es romper una industria que cost\u00f3 a\u00f1os construir&#8221;, afirm\u00f3.<\/p>\n<p class=\"v1MsoNormal\">Ante esta situaci\u00f3n, desde la UICA solicitaron la intervenci\u00f3n del gobernador Ra\u00fal Jalil para que eleve la preocupaci\u00f3n del sector ante el Gobierno nacional.<\/p>\n","protected":false},"excerpt":{"rendered":"<p>El Estado asistir\u00e1 con un est\u00edmulo de $450.000 a las empresas que los tomen. El gobernador Ra\u00fal Jalil encabez\u00f3 una reuni\u00f3n junto al ministro de Industria, Comercio y Empleo, Sebasti\u00e1n Caria; la ministra de Econom\u00eda, Alejandra Nazareno; y el presidente de la Uni\u00f3n Industrial de Catamarca (UICA), Carlos Muia, en la que se trataron temas [&hellip;]<\/p>\n","protected":false},"author":2,"featured_media":3255,"comment_status":"open","ping_status":"open","sticky":false,"template":"","format":"standard","meta":{"footnotes":""},"categories":[20],"tags":[],"class_list":{"0":"post-3254","1":"post","2":"type-post","3":"status-publish","4":"format-standard","5":"has-post-thumbnail","7":"category-sociedad"},"aioseo_notices":[],"_links":{"self":[{"href":"https:\/\/elfaroonline.com.ar\/index.php\/wp-json\/wp\/v2\/posts\/3254","targetHints":{"allow":["GET"]}}],"collection":[{"href":"https:\/\/elfaroonline.com.ar\/index.php\/wp-json\/wp\/v2\/posts"}],"about":[{"href":"https:\/\/elfaroonline.com.ar\/index.php\/wp-json\/wp\/v2\/types\/post"}],"author":[{"embeddable":true,"href":"https:\/\/elfaroonline.com.ar\/index.php\/wp-json\/wp\/v2\/users\/2"}],"replies":[{"embeddable":true,"href":"https:\/\/elfaroonline.com.ar\/index.php\/wp-json\/wp\/v2\/comments?post=3254"}],"version-history":[{"count":1,"href":"https:\/\/elfaroonline.com.ar\/index.php\/wp-json\/wp\/v2\/posts\/3254\/revisions"}],"predecessor-version":[{"id":3256,"href":"https:\/\/elfaroonline.com.ar\/index.php\/wp-json\/wp\/v2\/posts\/3254\/revisions\/3256"}],"wp:featuredmedia":[{"embeddable":true,"href":"https:\/\/elfaroonline.com.ar\/index.php\/wp-json\/wp\/v2\/media\/3255"}],"wp:attachment":[{"href":"https:\/\/elfaroonline.com.ar\/index.php\/wp-json\/wp\/v2\/media?parent=3254"}],"wp:term":[{"taxonomy":"category","embeddable":true,"href":"https:\/\/elfaroonline.com.ar\/index.php\/wp-json\/wp\/v2\/categories?post=3254"},{"taxonomy":"post_tag","embeddable":true,"href":"https:\/\/elfaroonline.com.ar\/index.php\/wp-json\/wp\/v2\/tags?post=3254"}],"curies":[{"name":"wp","href":"https:\/\/api.w.org\/{rel}","templated":true}]}}