{"id":3257,"date":"2025-02-01T11:37:43","date_gmt":"2025-02-01T14:37:43","guid":{"rendered":"https:\/\/elfaroonline.com.ar\/?p=3257"},"modified":"2025-02-01T11:37:43","modified_gmt":"2025-02-01T14:37:43","slug":"una-mujer-fue-imputada-en-andalgala-por-maltrato-animal","status":"publish","type":"post","link":"https:\/\/elfaroonline.com.ar\/index.php\/2025\/02\/01\/una-mujer-fue-imputada-en-andalgala-por-maltrato-animal\/","title":{"rendered":"Una mujer fue imputada en Andalgal\u00e1 por maltrato animal"},"content":{"rendered":"<p>El fiscal de Instrucci\u00f3n de la Segunda Circunscripci\u00f3n de Andalgal\u00e1, Mart\u00edn Camps, indag\u00f3 e imput\u00f3 a Camila Rojano por maltrato animal. Rojano est\u00e1 acusada de subirse a un potrillo de un mes de edad, poniendo en riesgo la vida del equino, que apenas pod\u00eda mantenerse en pie.<\/p>\n<p>El delito est\u00e1 tipificado en la ley 14346 se solicit\u00f3 por parte de la justicia un informe a un m\u00e9dico veterinario.<\/p>\n<p>Si bien la noticia se viraliz\u00f3 y hac\u00eda referencia que el maltrato de la mujer a un equino de pocos d\u00edas hab\u00eda sucedido en la provincia de Tucum\u00e1n el hecho ocurri\u00f3 en El Lindero distrito Aconquija.<\/p>\n","protected":false},"excerpt":{"rendered":"<p>El fiscal de Instrucci\u00f3n de la Segunda Circunscripci\u00f3n de Andalgal\u00e1, Mart\u00edn Camps, indag\u00f3 e imput\u00f3 a Camila Rojano por maltrato animal. Rojano est\u00e1 acusada de subirse a un potrillo de un mes de edad, poniendo en riesgo la vida del equino, que apenas pod\u00eda mantenerse en pie. El delito est\u00e1 tipificado en la ley 14346 [&hellip;]<\/p>\n","protected":false},"author":2,"featured_media":3258,"comment_status":"open","ping_status":"open","sticky":false,"template":"","format":"standard","meta":{"footnotes":""},"categories":[27],"tags":[],"class_list":{"0":"post-3257","1":"post","2":"type-post","3":"status-publish","4":"format-standard","5":"has-post-thumbnail","7":"category-policiales"},"aioseo_notices":[],"_links":{"self":[{"href":"https:\/\/elfaroonline.com.ar\/index.php\/wp-json\/wp\/v2\/posts\/3257","targetHints":{"allow":["GET"]}}],"collection":[{"href":"https:\/\/elfaroonline.com.ar\/index.php\/wp-json\/wp\/v2\/posts"}],"about":[{"href":"https:\/\/elfaroonline.com.ar\/index.php\/wp-json\/wp\/v2\/types\/post"}],"author":[{"embeddable":true,"href":"https:\/\/elfaroonline.com.ar\/index.php\/wp-json\/wp\/v2\/users\/2"}],"replies":[{"embeddable":true,"href":"https:\/\/elfaroonline.com.ar\/index.php\/wp-json\/wp\/v2\/comments?post=3257"}],"version-history":[{"count":1,"href":"https:\/\/elfaroonline.com.ar\/index.php\/wp-json\/wp\/v2\/posts\/3257\/revisions"}],"predecessor-version":[{"id":3259,"href":"https:\/\/elfaroonline.com.ar\/index.php\/wp-json\/wp\/v2\/posts\/3257\/revisions\/3259"}],"wp:featuredmedia":[{"embeddable":true,"href":"https:\/\/elfaroonline.com.ar\/index.php\/wp-json\/wp\/v2\/media\/3258"}],"wp:attachment":[{"href":"https:\/\/elfaroonline.com.ar\/index.php\/wp-json\/wp\/v2\/media?parent=3257"}],"wp:term":[{"taxonomy":"category","embeddable":true,"href":"https:\/\/elfaroonline.com.ar\/index.php\/wp-json\/wp\/v2\/categories?post=3257"},{"taxonomy":"post_tag","embeddable":true,"href":"https:\/\/elfaroonline.com.ar\/index.php\/wp-json\/wp\/v2\/tags?post=3257"}],"curies":[{"name":"wp","href":"https:\/\/api.w.org\/{rel}","templated":true}]}}