{"id":3263,"date":"2025-02-01T11:47:13","date_gmt":"2025-02-01T14:47:13","guid":{"rendered":"https:\/\/elfaroonline.com.ar\/?p=3263"},"modified":"2025-02-01T11:47:13","modified_gmt":"2025-02-01T14:47:13","slug":"javier-milei-elogio-al-delivery-que-fue-asesinado-en-moreno-y-anuncio-que-lo-condecorara-post-mortem-un-heroe-se-fue-al-cielo","status":"publish","type":"post","link":"https:\/\/elfaroonline.com.ar\/index.php\/2025\/02\/01\/javier-milei-elogio-al-delivery-que-fue-asesinado-en-moreno-y-anuncio-que-lo-condecorara-post-mortem-un-heroe-se-fue-al-cielo\/","title":{"rendered":"Javier Milei elogi\u00f3 al delivery que fue asesinado en Moreno y anunci\u00f3 que lo condecorar\u00e1 post mortem: \u201cUn h\u00e9roe se fue al cielo\u201d"},"content":{"rendered":"<p>El Presidente utiliz\u00f3 sus redes sociales para destacar la figura del joven muerto a pu\u00f1aladas mientras defend\u00eda a un vendedor ambulante en una pelea. Critic\u00f3 \u201cla inoperancia y el garantismo del gobernador Kicillof\u201d.<\/p>\n<p class=\"paragraph\">\u201cMataron a Lucas Aguilar, un repartidor de Moreno que defendi\u00f3 a un vendedor ambulante de un asalto. El vendedor ambulante fue apu\u00f1alado, pero sobrevivi\u00f3 gracias a Lucas.<b> Lucas hizo el sacrificio m\u00e1ximo por un desconocido, entreg\u00f3 su vida para defenderlo<\/b>\u201d, comienza la publicaci\u00f3n de Milei.<\/p>\n<div class=\"inline ad-wrapper amp ad-amp\"><\/div>\n<p class=\"paragraph\">Y contin\u00faa con el anuncio: \u201cEn consecuencia, y para honrar su valor, <b>crearemos la Condecoraci\u00f3n al Valor del Hombre Com\u00fan, entregada por el Presidente de la Naci\u00f3n, y el primero en recibirla, p\u00f3stumamente, ser\u00e1 Lucas Aguilar<\/b>\u201d.<\/p>\n<p class=\"paragraph\">\u201cLucas es un H\u00e9roe y una inspiraci\u00f3n para todo el pueblo argentino, y en particular para los bonaerenses, que <b>ante la desidia, la inoperancia y el garantismo del gobernador Kicillof, est\u00e1 sufriendo una catastr\u00f3fica ola de inseguridad que est\u00e1 terminando en un ba\u00f1o de sangre para la gente com\u00fan<\/b>. QEPD LUCAS\u201d, concluye el mensaje.<\/p>\n<p class=\"paragraph\">Minutos despu\u00e9s, la ministra de Seguridad, <b>Patricia Bullrich<\/b>, reconoci\u00f3 la valent\u00eda del delivery al arriesgar su vida por defender a un desconocido. <b>\u201cLucas Aguilar no dud\u00f3. No se qued\u00f3 de brazos cruzados. Se enfrent\u00f3 a los delincuentes y dio la vida por un desconocido\u201d<\/b>, destac\u00f3, luego de haber citado el comunicado del presidente.<\/p>\n<p class=\"paragraph\">Respecto a la condecoraci\u00f3n post mortem que le entregar\u00e1n, la titular de la cartera asegur\u00f3 que se trata de \u201cun reconocimiento merecido a aquel que, con su sacrificio, nos recuerda que los argentinos de bien son los que terminan pagando el precio de la inseguridad descontrolada\u201d.<\/p>\n<p class=\"paragraph\">Por \u00faltimo, Bullrich apunt\u00f3 contra el gobernador bonaerense, tras acusarlo de seguir \u201cbancando a los criminales con su garantismo asesino\u201d. Y concluy\u00f3: \u201c<b>Basta de una Buenos Aires tomada por el crimen.<\/b> Basta de kirchnerismo c\u00f3mplice. Basta de un gobierno que abandona a su gente y deja morir a los h\u00e9roes\u201d, para luego definir a Kicillof como un \u201cc\u00f3mplice del ba\u00f1o de sangre\u201d.<\/p>\n","protected":false},"excerpt":{"rendered":"<p>El Presidente utiliz\u00f3 sus redes sociales para destacar la figura del joven muerto a pu\u00f1aladas mientras defend\u00eda a un vendedor ambulante en una pelea. Critic\u00f3 \u201cla inoperancia y el garantismo del gobernador Kicillof\u201d. \u201cMataron a Lucas Aguilar, un repartidor de Moreno que defendi\u00f3 a un vendedor ambulante de un asalto. El vendedor ambulante fue apu\u00f1alado, [&hellip;]<\/p>\n","protected":false},"author":2,"featured_media":3264,"comment_status":"open","ping_status":"open","sticky":false,"template":"","format":"standard","meta":{"footnotes":""},"categories":[22,27],"tags":[],"class_list":{"0":"post-3263","1":"post","2":"type-post","3":"status-publish","4":"format-standard","5":"has-post-thumbnail","7":"category-nacionales","8":"category-policiales"},"aioseo_notices":[],"_links":{"self":[{"href":"https:\/\/elfaroonline.com.ar\/index.php\/wp-json\/wp\/v2\/posts\/3263","targetHints":{"allow":["GET"]}}],"collection":[{"href":"https:\/\/elfaroonline.com.ar\/index.php\/wp-json\/wp\/v2\/posts"}],"about":[{"href":"https:\/\/elfaroonline.com.ar\/index.php\/wp-json\/wp\/v2\/types\/post"}],"author":[{"embeddable":true,"href":"https:\/\/elfaroonline.com.ar\/index.php\/wp-json\/wp\/v2\/users\/2"}],"replies":[{"embeddable":true,"href":"https:\/\/elfaroonline.com.ar\/index.php\/wp-json\/wp\/v2\/comments?post=3263"}],"version-history":[{"count":1,"href":"https:\/\/elfaroonline.com.ar\/index.php\/wp-json\/wp\/v2\/posts\/3263\/revisions"}],"predecessor-version":[{"id":3265,"href":"https:\/\/elfaroonline.com.ar\/index.php\/wp-json\/wp\/v2\/posts\/3263\/revisions\/3265"}],"wp:featuredmedia":[{"embeddable":true,"href":"https:\/\/elfaroonline.com.ar\/index.php\/wp-json\/wp\/v2\/media\/3264"}],"wp:attachment":[{"href":"https:\/\/elfaroonline.com.ar\/index.php\/wp-json\/wp\/v2\/media?parent=3263"}],"wp:term":[{"taxonomy":"category","embeddable":true,"href":"https:\/\/elfaroonline.com.ar\/index.php\/wp-json\/wp\/v2\/categories?post=3263"},{"taxonomy":"post_tag","embeddable":true,"href":"https:\/\/elfaroonline.com.ar\/index.php\/wp-json\/wp\/v2\/tags?post=3263"}],"curies":[{"name":"wp","href":"https:\/\/api.w.org\/{rel}","templated":true}]}}