{"id":3266,"date":"2025-02-01T12:07:26","date_gmt":"2025-02-01T15:07:26","guid":{"rendered":"https:\/\/elfaroonline.com.ar\/?p=3266"},"modified":"2025-02-01T12:07:26","modified_gmt":"2025-02-01T15:07:26","slug":"aumentaron-las-naftas-un-2-en-promedio-en-todo-el-pais","status":"publish","type":"post","link":"https:\/\/elfaroonline.com.ar\/index.php\/2025\/02\/01\/aumentaron-las-naftas-un-2-en-promedio-en-todo-el-pais\/","title":{"rendered":"Aumentaron las naftas un 2% en promedio en todo el pa\u00eds"},"content":{"rendered":"<p>Desde las 0 horas de hoy, las naftas y el gasoil aumentaron en promedio un 2% en todo el pa\u00eds. La suba m\u00e1s fuerte se dio en el gasoil tradicional, con un pico de 2.36 por ciento.<\/p>\n<p>La suba es el resultado de un aumento en el precio del \u201ccrudo Brent\u201d, el precio internacional de referencia en la Argentina, que se ubic\u00f3 en unos USD 76 por barril y el deslizamiento del precio oficial del d\u00f3lar al 2% mensual que se aplic\u00f3 hasta enero y que desde febrero pasar\u00e1 a ser del 1 por ciento.<\/p>\n<p class=\"paragraph\" data-mrf-recirculation=\"Links inline\">Por otro lado, el Gobierno nacional posterg\u00f3 la actualizaci\u00f3n que deb\u00eda regir desde el primero de febrero, mediante el Decreto 51\/2025 publicado el viernes en el Bolet\u00edn Oficial para amortiguar el impacto en el surtidor. YPF es la l\u00edder del mercado local y aunque algunos esperaban que el aumento fuera inferior al 2% de enero, para acompa\u00f1ar una reducci\u00f3n de la tasa de inflaci\u00f3n, se espera que las empresas competidoras sigan los pasos de la petrolera de mayor\u00eda accionaria estatal.<\/p>\n<p class=\"paragraph\" data-mrf-recirculation=\"Links inline\">El mayor aumento del gasoil respecto de las naftas impactar\u00e1 sobre el sector agropecuario, al que el gobierno le redujo recientemente las retenciones a la exportaci\u00f3n, y sobre los costos del transporte, tanto de cargas como de pasajeros.<\/p>\n","protected":false},"excerpt":{"rendered":"<p>Desde las 0 horas de hoy, las naftas y el gasoil aumentaron en promedio un 2% en todo el pa\u00eds. La suba m\u00e1s fuerte se dio en el gasoil tradicional, con un pico de 2.36 por ciento. La suba es el resultado de un aumento en el precio del \u201ccrudo Brent\u201d, el precio internacional de [&hellip;]<\/p>\n","protected":false},"author":2,"featured_media":3267,"comment_status":"open","ping_status":"open","sticky":false,"template":"","format":"standard","meta":{"footnotes":""},"categories":[23,22],"tags":[],"class_list":{"0":"post-3266","1":"post","2":"type-post","3":"status-publish","4":"format-standard","5":"has-post-thumbnail","7":"category-destacados","8":"category-nacionales"},"aioseo_notices":[],"_links":{"self":[{"href":"https:\/\/elfaroonline.com.ar\/index.php\/wp-json\/wp\/v2\/posts\/3266","targetHints":{"allow":["GET"]}}],"collection":[{"href":"https:\/\/elfaroonline.com.ar\/index.php\/wp-json\/wp\/v2\/posts"}],"about":[{"href":"https:\/\/elfaroonline.com.ar\/index.php\/wp-json\/wp\/v2\/types\/post"}],"author":[{"embeddable":true,"href":"https:\/\/elfaroonline.com.ar\/index.php\/wp-json\/wp\/v2\/users\/2"}],"replies":[{"embeddable":true,"href":"https:\/\/elfaroonline.com.ar\/index.php\/wp-json\/wp\/v2\/comments?post=3266"}],"version-history":[{"count":1,"href":"https:\/\/elfaroonline.com.ar\/index.php\/wp-json\/wp\/v2\/posts\/3266\/revisions"}],"predecessor-version":[{"id":3268,"href":"https:\/\/elfaroonline.com.ar\/index.php\/wp-json\/wp\/v2\/posts\/3266\/revisions\/3268"}],"wp:featuredmedia":[{"embeddable":true,"href":"https:\/\/elfaroonline.com.ar\/index.php\/wp-json\/wp\/v2\/media\/3267"}],"wp:attachment":[{"href":"https:\/\/elfaroonline.com.ar\/index.php\/wp-json\/wp\/v2\/media?parent=3266"}],"wp:term":[{"taxonomy":"category","embeddable":true,"href":"https:\/\/elfaroonline.com.ar\/index.php\/wp-json\/wp\/v2\/categories?post=3266"},{"taxonomy":"post_tag","embeddable":true,"href":"https:\/\/elfaroonline.com.ar\/index.php\/wp-json\/wp\/v2\/tags?post=3266"}],"curies":[{"name":"wp","href":"https:\/\/api.w.org\/{rel}","templated":true}]}}