{"id":3269,"date":"2025-02-01T12:13:13","date_gmt":"2025-02-01T15:13:13","guid":{"rendered":"https:\/\/elfaroonline.com.ar\/?p=3269"},"modified":"2025-02-01T12:13:13","modified_gmt":"2025-02-01T15:13:13","slug":"cuando-cobro-anses-el-calendario-de-pagos-para-jubilados-beneficiarios-de-auh-y-planes-sociales-en-febrero-2025","status":"publish","type":"post","link":"https:\/\/elfaroonline.com.ar\/index.php\/2025\/02\/01\/cuando-cobro-anses-el-calendario-de-pagos-para-jubilados-beneficiarios-de-auh-y-planes-sociales-en-febrero-2025\/","title":{"rendered":"Cu\u00e1ndo cobro ANSES: el calendario de pagos para jubilados, beneficiarios de AUH y planes sociales en febrero 2025"},"content":{"rendered":"<p>El organismo previsional confirm\u00f3 las fechas en las que los titulares de prestaciones van a percibir sus ingresos durante el segundo mes del a\u00f1o. Los pagos incluyen un aumento del 2,7% sobre los haberes previsionales y la continuidad del bono extraordinario de $70.000.<\/p>\n<p class=\"paragraph\">Los haberes de jubilados y pensionados aumentan un <b>2,7%<\/b> en febrero, en l\u00ednea con la movilidad establecida por la inflaci\u00f3n de diciembre de 2024. Este ajuste mensual se implementa desde abril del a\u00f1o pasado y reemplaza el esquema anterior de aumentos trimestrales.<\/p>\n<p class=\"paragraph\">Con la suba, los montos quedan de la siguiente manera:<\/p>\n<ul class=\"list\" data-icon=\"\u2b24\">\n<li data-icon=\"\u2b24\"><b>Jubilaci\u00f3n m\u00ednima<\/b>: $273.086,50 + bono = <b>$343.086,50<\/b><\/li>\n<li data-icon=\"\u2b24\"><b>Pensi\u00f3n Universal para el Adulto Mayor<\/b>: $218.469,20 + bono = <b>$288.469,20<\/b><\/li>\n<li data-icon=\"\u2b24\"><b>Pensi\u00f3n no Contributiva por Invalidez y Vejez<\/b>: $191.160,55 + bono = <b>$261.160,55<\/b><\/li>\n<li data-icon=\"\u2b24\"><b>Pensi\u00f3n Madre de 7 hijos<\/b>: $273.086,50 + bono = <b>$343.086,50<\/b><\/li>\n<\/ul>\n<p class=\"paragraph\">Las prestaciones se ajustan seg\u00fan la f\u00f3rmula vigente desde abril de 2024, que actualiza los haberes mensualmente con base en el <b>\u00cdndice de Precios al Consumidor (IPC)<\/b> publicado por el <b>INDEC<\/b>.<\/p>\n<div class=\"headline-wrapper\">\n<h3 class=\"header headline-class-h3\">Montos de las asignaciones familiares y universales en febrero 2025<\/h3>\n<\/div>\n<p class=\"paragraph\">Las <b>Asignaciones Familiares y Universales<\/b>tambi\u00e9n reciben un aumento del <b>2,7%<\/b>, en l\u00ednea con la inflaci\u00f3n de diciembre de 2024. Los nuevos valores son los siguientes:<\/p>\n<ul class=\"list\" data-icon=\"\u2b24\">\n<li data-icon=\"\u2b24\"><b>Asignaci\u00f3n Universal por Hijo (AUH)<\/b>: <b>$98.124<\/b> por hijo<\/li>\n<li data-icon=\"\u2b24\"><b>Asignaci\u00f3n Universal por Hijo con Discapacidad<\/b>: <b>$319.527<\/b> por hijo<\/li>\n<li data-icon=\"\u2b24\"><b>Asignaci\u00f3n Familiar por Hijo<\/b> (primer rango de ingresos): <b>$48.956<\/b> por hijo<\/li>\n<li data-icon=\"\u2b24\"><b>Asignaci\u00f3n Familiar por Hijo con Discapacidad<\/b> (primer rango de ingresos): <b>$159.767<\/b> por hijo<\/li>\n<li data-icon=\"\u2b24\">\n<div class=\"headline-wrapper\">\n<h3 class=\"header headline-class-h3\">Cronograma de pagos de ANSES para febrero 2025<\/h3>\n<\/div>\n<p class=\"paragraph\">Las fechas de cobro se organizan seg\u00fan la terminaci\u00f3n del <b>Documento Nacional de Identidad (DNI)<\/b> de cada beneficiario.<\/p>\n<div class=\"headline-wrapper\">\n<h4 class=\"header headline-class-h4\">&lt;b&gt;Jubilaciones y Pensiones que no superen el haber m\u00ednimo&lt;\/b&gt;<\/h4>\n<\/div>\n<ul class=\"list\" data-icon=\"\u2b24\">\n<li data-icon=\"\u2b24\">DNI terminados en <b>0<\/b>: 10 de febrero<\/li>\n<li data-icon=\"\u2b24\">DNI terminados en <b>1<\/b>: 11 de febrero<\/li>\n<li data-icon=\"\u2b24\">DNI terminados en <b>2<\/b>: 12 de febrero<\/li>\n<li data-icon=\"\u2b24\">DNI terminados en <b>3<\/b>: 13 de febrero<\/li>\n<li data-icon=\"\u2b24\">DNI terminados en <b>4<\/b>: 14 de febrero<\/li>\n<li data-icon=\"\u2b24\">DNI terminados en <b>5<\/b>: 17 de febrero<\/li>\n<li data-icon=\"\u2b24\">DNI terminados en <b>6<\/b>: 18 de febrero<\/li>\n<li data-icon=\"\u2b24\">DNI terminados en <b>7<\/b>: 19 de febrero<\/li>\n<li data-icon=\"\u2b24\">DNI terminados en <b>8<\/b>: 20 de febrero<\/li>\n<li data-icon=\"\u2b24\">DNI terminados en <b>9<\/b>: 21 de febrero<\/li>\n<\/ul>\n<div class=\"headline-wrapper\">\n<h4 class=\"header headline-class-h4\">&lt;b&gt;Jubilaciones y Pensiones que superen el haber m\u00ednimo&lt;\/b&gt;<\/h4>\n<\/div>\n<ul class=\"list\" data-icon=\"\u2b24\">\n<li data-icon=\"\u2b24\">DNI terminados en <b>0 y 1<\/b>: 24 de febrero<\/li>\n<li data-icon=\"\u2b24\">DNI terminados en <b>2 y 3<\/b>: 25 de febrero<\/li>\n<li data-icon=\"\u2b24\">DNI terminados en <b>4 y 5<\/b>: 26 de febrero<\/li>\n<li data-icon=\"\u2b24\">DNI terminados en <b>6 y 7<\/b>: 27 de febrero<\/li>\n<li data-icon=\"\u2b24\">DNI terminados en <b>8 y 9<\/b>: 28 de febrero<\/li>\n<\/ul>\n<div class=\"headline-wrapper\">\n<h3 class=\"header headline-class-h3\">Asignaci\u00f3n Familiar por Hijo y Asignaci\u00f3n Universal por Hijo (AUH)<\/h3>\n<\/div>\n<ul class=\"list\" data-icon=\"\u2b24\">\n<li data-icon=\"\u2b24\">DNI terminados en <b>0<\/b>: 10 de febrero<\/li>\n<li data-icon=\"\u2b24\">DNI terminados en <b>1<\/b>: 11 de febrero<\/li>\n<li data-icon=\"\u2b24\">DNI terminados en <b>2<\/b>: 12 de febrero<\/li>\n<li data-icon=\"\u2b24\">DNI terminados en <b>3<\/b>: 13 de febrero<\/li>\n<li data-icon=\"\u2b24\">DNI terminados en <b>4<\/b>: 14 de febrero<\/li>\n<li data-icon=\"\u2b24\">DNI terminados en <b>5<\/b>: 17 de febrero<\/li>\n<li data-icon=\"\u2b24\">DNI terminados en <b>6<\/b>: 18 de febrero<\/li>\n<li data-icon=\"\u2b24\">DNI terminados en <b>7<\/b>: 19 de febrero<\/li>\n<li data-icon=\"\u2b24\">DNI terminados en <b>8<\/b>: 20 de febrero<\/li>\n<li data-icon=\"\u2b24\">DNI terminados en <b>9<\/b>: 21 de febrero<\/li>\n<\/ul>\n<div class=\"headline-wrapper\">\n<h3 class=\"header headline-class-h3\">Asignaci\u00f3n por Embarazo<\/h3>\n<\/div>\n<ul class=\"list\" data-icon=\"\u2b24\">\n<li data-icon=\"\u2b24\">DNI terminados en <b>0<\/b>: 10 de febrero<\/li>\n<li data-icon=\"\u2b24\">DNI terminados en <b>1<\/b>: 11 de febrero<\/li>\n<li data-icon=\"\u2b24\">DNI terminados en <b>2<\/b>: 12 de febrero<\/li>\n<li data-icon=\"\u2b24\">DNI terminados en <b>3<\/b>: 13 de febrero<\/li>\n<li data-icon=\"\u2b24\">DNI terminados en <b>4<\/b>: 14 de febrero<\/li>\n<li data-icon=\"\u2b24\">DNI terminados en <b>5<\/b>: 17 de febrero<\/li>\n<li data-icon=\"\u2b24\">DNI terminados en <b>6<\/b>: 18 de febrero<\/li>\n<li data-icon=\"\u2b24\">DNI terminados en <b>7<\/b>: 19 de febrero<\/li>\n<li data-icon=\"\u2b24\">DNI terminados en <b>8<\/b>: 20 de febrero<\/li>\n<li data-icon=\"\u2b24\">DNI terminados en <b>9<\/b>: 21 de febrero<\/li>\n<\/ul>\n<div class=\"headline-wrapper\">\n<h3 class=\"header headline-class-h3\">Asignaci\u00f3n por Prenatal y Maternidad<\/h3>\n<\/div>\n<ul class=\"list\" data-icon=\"\u2b24\">\n<li data-icon=\"\u2b24\">DNI terminados en <b>0 y 1<\/b>: 11 de febrero<\/li>\n<li data-icon=\"\u2b24\">DNI terminados en <b>2 y 3<\/b>: 12 de febrero<\/li>\n<li data-icon=\"\u2b24\">DNI terminados en <b>4 y 5<\/b>: 13 de febrero<\/li>\n<li data-icon=\"\u2b24\">DNI terminados en <b>6 y 7<\/b>: 14 de febrero<\/li>\n<li data-icon=\"\u2b24\">DNI terminados en <b>8 y 9<\/b>: 17 de febrero<\/li>\n<\/ul>\n<div class=\"headline-wrapper\">\n<h3 class=\"header headline-class-h3\">Pensiones No Contributivas (PNC)<\/h3>\n<\/div>\n<ul class=\"list\" data-icon=\"\u2b24\">\n<li data-icon=\"\u2b24\">DNI terminados en <b>0 y 1<\/b>: 10 de febrero<\/li>\n<li data-icon=\"\u2b24\">DNI terminados en <b>2 y 3<\/b>: 11 de febrero<\/li>\n<li data-icon=\"\u2b24\">DNI terminados en <b>4 y 5<\/b>: 12 de febrero<\/li>\n<li data-icon=\"\u2b24\">DNI terminados en <b>6 y 7<\/b>: 13 de febrero<\/li>\n<li data-icon=\"\u2b24\">DNI terminados en <b>8 y 9<\/b>: 14 de febrero<\/li>\n<\/ul>\n<div class=\"headline-wrapper\">\n<h3 class=\"header headline-class-h3\">Asignaciones de Pago \u00danico (Matrimonio, Nacimiento, Adopci\u00f3n)<\/h3>\n<\/div>\n<ul class=\"list\" data-icon=\"\u2b24\">\n<li data-icon=\"\u2b24\">Todas las terminaciones de DNI <b>(Primera Quincena)<\/b>: del <b>11 de febrero al 12 de marzo<\/b><\/li>\n<li data-icon=\"\u2b24\">Todas las terminaciones de DNI <b>(Segunda Quincena)<\/b>: del <b>21 de febrero al 12 de marzo<\/b><\/li>\n<\/ul>\n<div class=\"headline-wrapper\">\n<h3 class=\"header headline-class-h3\">Desempleo Plan 1<\/h3>\n<\/div>\n<ul class=\"list\" data-icon=\"\u2b24\">\n<li data-icon=\"\u2b24\">DNI terminados en <b>0 y 1<\/b>: 20 de febrero<\/li>\n<li data-icon=\"\u2b24\">DNI terminados en <b>2 y 3<\/b>: 21 de febrero<\/li>\n<li data-icon=\"\u2b24\">DNI terminados en <b>4 y 5<\/b>: 24 de febrero<\/li>\n<li data-icon=\"\u2b24\">DNI terminados en <b>6 y 7<\/b>: 25 de febrero<\/li>\n<li data-icon=\"\u2b24\">DNI terminados en <b>8 y 9<\/b>: 26 de febrero<\/li>\n<\/ul>\n<div class=\"headline-wrapper\">\n<h3 class=\"header headline-class-h3\">Desempleo Plan 2<\/h3>\n<\/div>\n<ul class=\"list\" data-icon=\"\u2b24\">\n<li data-icon=\"\u2b24\">Todas las terminaciones de DNI: del <b>30 de enero al 10 de febrero<\/b><\/li>\n<\/ul>\n<\/li>\n<\/ul>\n","protected":false},"excerpt":{"rendered":"<p>El organismo previsional confirm\u00f3 las fechas en las que los titulares de prestaciones van a percibir sus ingresos durante el segundo mes del a\u00f1o. Los pagos incluyen un aumento del 2,7% sobre los haberes previsionales y la continuidad del bono extraordinario de $70.000. Los haberes de jubilados y pensionados aumentan un 2,7% en febrero, en [&hellip;]<\/p>\n","protected":false},"author":2,"featured_media":3270,"comment_status":"open","ping_status":"open","sticky":false,"template":"","format":"standard","meta":{"footnotes":""},"categories":[22],"tags":[],"class_list":{"0":"post-3269","1":"post","2":"type-post","3":"status-publish","4":"format-standard","5":"has-post-thumbnail","7":"category-nacionales"},"aioseo_notices":[],"_links":{"self":[{"href":"https:\/\/elfaroonline.com.ar\/index.php\/wp-json\/wp\/v2\/posts\/3269","targetHints":{"allow":["GET"]}}],"collection":[{"href":"https:\/\/elfaroonline.com.ar\/index.php\/wp-json\/wp\/v2\/posts"}],"about":[{"href":"https:\/\/elfaroonline.com.ar\/index.php\/wp-json\/wp\/v2\/types\/post"}],"author":[{"embeddable":true,"href":"https:\/\/elfaroonline.com.ar\/index.php\/wp-json\/wp\/v2\/users\/2"}],"replies":[{"embeddable":true,"href":"https:\/\/elfaroonline.com.ar\/index.php\/wp-json\/wp\/v2\/comments?post=3269"}],"version-history":[{"count":1,"href":"https:\/\/elfaroonline.com.ar\/index.php\/wp-json\/wp\/v2\/posts\/3269\/revisions"}],"predecessor-version":[{"id":3271,"href":"https:\/\/elfaroonline.com.ar\/index.php\/wp-json\/wp\/v2\/posts\/3269\/revisions\/3271"}],"wp:featuredmedia":[{"embeddable":true,"href":"https:\/\/elfaroonline.com.ar\/index.php\/wp-json\/wp\/v2\/media\/3270"}],"wp:attachment":[{"href":"https:\/\/elfaroonline.com.ar\/index.php\/wp-json\/wp\/v2\/media?parent=3269"}],"wp:term":[{"taxonomy":"category","embeddable":true,"href":"https:\/\/elfaroonline.com.ar\/index.php\/wp-json\/wp\/v2\/categories?post=3269"},{"taxonomy":"post_tag","embeddable":true,"href":"https:\/\/elfaroonline.com.ar\/index.php\/wp-json\/wp\/v2\/tags?post=3269"}],"curies":[{"name":"wp","href":"https:\/\/api.w.org\/{rel}","templated":true}]}}